{"id":483285,"date":"2017-06-13T10:36:52","date_gmt":"2017-06-13T15:36:52","guid":{"rendered":"https:\/\/www.futboltotal.com.mx\/?p=483285"},"modified":"2017-06-13T10:49:24","modified_gmt":"2017-06-13T15:49:24","slug":"leon-se-refuerza-delantero-chileno","status":"publish","type":"post","link":"http:\/\/desarrollo.grupomedios.com\/futbol\/futbol-mexicano\/leon-se-refuerza-delantero-chileno\/2017\/06","title":{"rendered":"Le\u00f3n se refuerza con delantero chileno"},"content":{"rendered":"<p>El\u00a0<strong>Club Le\u00f3n<\/strong> present\u00f3 un nuevo refuerzo de cara al <strong>Apertura 2017<\/strong>, hizo oficial la llegada del delantero chileno,\u00a0<strong>\u00c1lvaro Ramos<\/strong>, quien en su pa\u00eds jug\u00f3 para el\u00a0<strong>Club Deportes Iquique.<\/strong><\/p>\n<p style=\"text-align: center;\"><span style=\"color: #333399;\"><a style=\"color: #333399;\" href=\"https:\/\/www.futboltotal.com.mx\/2017\/06\/celta-vigo-estaria-interesado-en-guillermo-ochoa\/\" target=\"_blank\" rel=\"noopener noreferrer\">VER M\u00c1S: Otro club espa\u00f1ol est\u00e1 interesado en Memo Ochoa<\/a><\/span><\/p>\n<p>El delantero andino se une a los 5 refuerzos que los felinos sumaron a sus filas para enfrentar el pr\u00f3ximo torneo;\u00a0<strong>Mauro La\u00ednez<\/strong>, <strong>Miguel \u00c1ngel Herrera<\/strong>, <strong>Carlos Felipe Rodr\u00edguez<\/strong>, <strong>Alan Cervantes<\/strong> e <strong>Iv\u00e1n Piris<\/strong>.<\/p>\n<p>Ramos, de 25 a\u00f1os, tendr\u00e1 su primera experiencia en otro futbol, pues antes solo hab\u00eda jugado para dos clubes de su pa\u00eds;\u00a0<strong>Universidad Cat\u00f3lica<\/strong> y <strong>Santiago Wanderers<\/strong>.<\/p>\n<p style=\"text-align: center;\"><span style=\"color: #333399;\"><a style=\"color: #333399;\" href=\"https:\/\/www.futboltotal.com.mx\/2017\/06\/aviles-hurtado-revelo-prefirio-a-rayados-america\/\" target=\"_blank\" rel=\"noopener noreferrer\">VER M\u00c1S: \u00bfPor qu\u00e9 Avil\u00e9s Hurtado no quiso llegar al Am\u00e9rica?<\/a><\/span><\/p>\n","protected":false},"excerpt":{"rendered":"<p>La Fiera dio a conocer su sexto refuerzo para el Apertura 2017<\/p>\n","protected":false},"author":20,"featured_media":474216,"comment_status":"closed","ping_status":"closed","sticky":false,"template":"","format":"standard","meta":[],"categories":[2198,3845],"tags":[8957,406,8958,5965,64],"_links":{"self":[{"href":"http:\/\/desarrollo.grupomedios.com\/futbol\/wp-json\/wp\/v2\/posts\/483285"}],"collection":[{"href":"http:\/\/desarrollo.grupomedios.com\/futbol\/wp-json\/wp\/v2\/posts"}],"about":[{"href":"http:\/\/desarrollo.grupomedios.com\/futbol\/wp-json\/wp\/v2\/types\/post"}],"author":[{"embeddable":true,"href":"http:\/\/desarrollo.grupomedios.com\/futbol\/wp-json\/wp\/v2\/users\/20"}],"replies":[{"embeddable":true,"href":"http:\/\/desarrollo.grupomedios.com\/futbol\/wp-json\/wp\/v2\/comments?post=483285"}],"version-history":[{"count":2,"href":"http:\/\/desarrollo.grupomedios.com\/futbol\/wp-json\/wp\/v2\/posts\/483285\/revisions"}],"predecessor-version":[{"id":483294,"href":"http:\/\/desarrollo.grupomedios.com\/futbol\/wp-json\/wp\/v2\/posts\/483285\/revisions\/483294"}],"wp:featuredmedia":[{"embeddable":true,"href":"http:\/\/desarrollo.grupomedios.com\/futbol\/wp-json\/wp\/v2\/media\/474216"}],"wp:attachment":[{"href":"http:\/\/desarrollo.grupomedios.com\/futbol\/wp-json\/wp\/v2\/media?parent=483285"}],"wp:term":[{"taxonomy":"category","embeddable":true,"href":"http:\/\/desarrollo.grupomedios.com\/futbol\/wp-json\/wp\/v2\/categories?post=483285"},{"taxonomy":"post_tag","embeddable":true,"href":"http:\/\/desarrollo.grupomedios.com\/futbol\/wp-json\/wp\/v2\/tags?post=483285"}],"curies":[{"name":"wp","href":"https:\/\/api.w.org\/{rel}","templated":true}]}}