{"id":483291,"date":"2017-06-13T10:58:00","date_gmt":"2017-06-13T15:58:00","guid":{"rendered":"https:\/\/www.futboltotal.com.mx\/?p=483291"},"modified":"2017-06-13T10:58:00","modified_gmt":"2017-06-13T15:58:00","slug":"boca-juniors-intentaria-una-vez-fichar-a-guido-pizarro","status":"publish","type":"post","link":"http:\/\/desarrollo.grupomedios.com\/futbol\/futbol-mexicano\/boca-juniors-intentaria-una-vez-fichar-a-guido-pizarro\/2017\/06","title":{"rendered":"Boca Juniors intentar\u00eda una vez m\u00e1s fichar a Guido Pizarro"},"content":{"rendered":"<p>El mediocampista argentino <strong>Guido<\/strong> <strong>Pizarro<\/strong> es\u00a0uno de los pilares del actual plantel de <strong>Tigres<\/strong>, pero tambi\u00e9n sigue en la mira de un grande de su pa\u00eds, <strong>Boca<\/strong> <strong>Juniors<\/strong>, que estar\u00eda\u00a0analizando pagar la cl\u00e1usula de rescisi\u00f3n del seleccionado albiceleste.<\/p>\n<p>El contenci\u00f3n de la <strong>UANL<\/strong> <a href=\"https:\/\/www.futboltotal.com.mx\/2016\/11\/guido-pizarro-en-boca-juniors\/\" target=\"_blank\" rel=\"noopener noreferrer\"><span style=\"color: #333399;\">ya son\u00f3 para llegar a <strong>Boca<\/strong> en el pasado mercado invernal<\/span><\/a>, pero los <strong>Tigres<\/strong> no accedieron a bajar sus pretensiones econ\u00f3micas ante\u00a0los <em><strong>Xeneizes<\/strong><\/em>.<\/p>\n<p>Sin embargo, desde esa ocasi\u00f3n <strong>Pizarro<\/strong> coquete\u00f3 con la posibilidad de jugar para el club de la Ribera y confes\u00f3 que &#8220;a <strong>Boca<\/strong> no le podr\u00eda decir que no, sinceramente; es uno de los clubes m\u00e1s grandes del mundo&#8221;, adem\u00e1s que &#8220;A <strong>Guillermo<\/strong> (<strong>Barros<\/strong> <strong>Schelotto<\/strong>, t\u00e9cnico de <strong>Boca<\/strong>) le voy a atender el tel\u00e9fono siempre&#8221;.<\/p>\n<p style=\"text-align: center;\"><a href=\"https:\/\/www.futboltotal.com.mx\/2017\/06\/peruano-renato-tapia-uno-los-refuerzos-del-america\/\" target=\"_blank\" rel=\"noopener noreferrer\"><span style=\"color: #333399;\">VER M\u00c1S: El peruano Renato Tapia ser\u00eda uno de los refuerzos del Am\u00e9rica<\/span><\/a><\/p>\n<p>En esta ocasi\u00f3n, <strong>Boca<\/strong>, que quiere armar un plantel a la altura para aspirar al t\u00edtulo de la <strong>Copa<\/strong> <strong>Libertadores<\/strong> <strong>2018<\/strong>, acceder\u00eda a pagar la cantidad cercana a los 7 millones de d\u00f3lares para fichar a <strong>Guido<\/strong>.<\/p>\n<p>Asimismo, <a href=\"https:\/\/www.futboltotal.com.mx\/2017\/06\/ever-banega-ya-jugador-tigres\/\" target=\"_blank\" rel=\"noopener noreferrer\"><span style=\"color: #333399;\">la posible llegada del tambi\u00e9n argentino <strong>Ever<\/strong> <strong>Banega<\/strong> a <strong>Tigres<\/strong><\/span><\/a> ser\u00eda otro motivo para que Pizarro acceda a volver a la Liga argentina, pues\u00a0estar\u00eda en duda su titularidad en el equipo comandado por <strong>Ricardo<\/strong> <em><strong>Tuca<\/strong><\/em> <strong>Ferretti<\/strong>.<\/p>\n<p style=\"text-align: center;\"><a href=\"https:\/\/www.futboltotal.com.mx\/2017\/06\/hector-moreno-nuevo-jugador-la-roma\/\" target=\"_blank\" rel=\"noopener noreferrer\"><span style=\"color: #333399;\">VER M\u00c1S: H\u00e9ctor Moreno es nuevo jugador de la Roma<\/span><\/a><\/p>\n","protected":false},"excerpt":{"rendered":"<p>El contenci\u00f3n de Tigres ya son\u00f3 para llegar a Boca en el pasado mercado invernal.<\/p>\n","protected":false},"author":20,"featured_media":483293,"comment_status":"closed","ping_status":"closed","sticky":false,"template":"","format":"standard","meta":[],"categories":[7740,3839,2198,7495,3845],"tags":[1683,3991,5973],"_links":{"self":[{"href":"http:\/\/desarrollo.grupomedios.com\/futbol\/wp-json\/wp\/v2\/posts\/483291"}],"collection":[{"href":"http:\/\/desarrollo.grupomedios.com\/futbol\/wp-json\/wp\/v2\/posts"}],"about":[{"href":"http:\/\/desarrollo.grupomedios.com\/futbol\/wp-json\/wp\/v2\/types\/post"}],"author":[{"embeddable":true,"href":"http:\/\/desarrollo.grupomedios.com\/futbol\/wp-json\/wp\/v2\/users\/20"}],"replies":[{"embeddable":true,"href":"http:\/\/desarrollo.grupomedios.com\/futbol\/wp-json\/wp\/v2\/comments?post=483291"}],"version-history":[{"count":1,"href":"http:\/\/desarrollo.grupomedios.com\/futbol\/wp-json\/wp\/v2\/posts\/483291\/revisions"}],"predecessor-version":[{"id":483297,"href":"http:\/\/desarrollo.grupomedios.com\/futbol\/wp-json\/wp\/v2\/posts\/483291\/revisions\/483297"}],"wp:featuredmedia":[{"embeddable":true,"href":"http:\/\/desarrollo.grupomedios.com\/futbol\/wp-json\/wp\/v2\/media\/483293"}],"wp:attachment":[{"href":"http:\/\/desarrollo.grupomedios.com\/futbol\/wp-json\/wp\/v2\/media?parent=483291"}],"wp:term":[{"taxonomy":"category","embeddable":true,"href":"http:\/\/desarrollo.grupomedios.com\/futbol\/wp-json\/wp\/v2\/categories?post=483291"},{"taxonomy":"post_tag","embeddable":true,"href":"http:\/\/desarrollo.grupomedios.com\/futbol\/wp-json\/wp\/v2\/tags?post=483291"}],"curies":[{"name":"wp","href":"https:\/\/api.w.org\/{rel}","templated":true}]}}