{"id":483292,"date":"2017-06-13T10:53:49","date_gmt":"2017-06-13T15:53:49","guid":{"rendered":"https:\/\/www.futboltotal.com.mx\/?p=483292"},"modified":"2017-06-13T10:53:49","modified_gmt":"2017-06-13T15:53:49","slug":"psv-se-despidio-hector-moreno-emotivo-video","status":"publish","type":"post","link":"http:\/\/desarrollo.grupomedios.com\/futbol\/videos\/psv-se-despidio-hector-moreno-emotivo-video\/2017\/06","title":{"rendered":"PSV se despidi\u00f3 de H\u00e9ctor Moreno con emotivo video"},"content":{"rendered":"<p>Luego de que se anunciara el pase de <strong>H\u00e9ctor Moreno<\/strong> a la Roma de Italia, el <strong>PSV Eindhoven<\/strong>, ex equipo del mexicano, se puso nost\u00e1lgico y comparti\u00f3 un emotivo video para despedir al jugador.<\/p>\n<p>En las im\u00e1genes aparece <strong>Moreno<\/strong> en su llegada al <strong>PSV<\/strong> y las mejores jugadas y goles que anot\u00f3 en su paso con el conjunto holand\u00e9s.<\/p>\n<p style=\"text-align: center;\"><span style=\"color: #3366ff;\"><a style=\"color: #3366ff;\" href=\"https:\/\/www.futboltotal.com.mx\/2017\/06\/salcedo-se-une-a-fabian-en-eintracht-frankfurt\/\">VER M\u00c1S: Carlos Salcedo se une a Marco Fabi\u00e1n en el Eintracht Frankfurt<\/a><\/span><\/p>\n<blockquote class=\"twitter-tweet\" data-width=\"500\">\n<p lang=\"es\" dir=\"ltr\">H\u00e9ctor, \u00a1much\u00edsimas gracias por todo! Afici\u00f3n, disfruta una vez m\u00e1s de los mejores momentos de <a href=\"https:\/\/twitter.com\/HectorMorenoh\">@HectorMorenoh<\/a> con el PSV. <a href=\"https:\/\/t.co\/v7dkjwftK2\">pic.twitter.com\/v7dkjwftK2<\/a><\/p>\n<p>&mdash; PSV International (@psveindhoven) <a href=\"https:\/\/twitter.com\/psveindhoven\/status\/874618736845697024\">June 13, 2017<\/a><\/p><\/blockquote>\n<p><script async src=\"\/\/platform.twitter.com\/widgets.js\" charset=\"utf-8\"><\/script><\/p>\n<p><strong>H\u00e9ctor Moreno<\/strong> lleg\u00f3 en 2015 a Holanda para jugar con el <strong>PSV Eindhoven<\/strong>, pues anteriormente hab\u00eda estado con el Twente y el Espanyol de Barcelona. Ahora el mexicano tendr\u00e1 su cuarto equipo en el futbol de Europa tras su fichaje con la Roma.<\/p>\n<p style=\"text-align: center;\"><span style=\"color: #3366ff;\"><a style=\"color: #3366ff;\" href=\"https:\/\/www.futboltotal.com.mx\/2017\/06\/hector-moreno-nuevo-jugador-la-roma\/\">VER M\u00c1S: \u00a1H\u00e9ctor Moreno es nuevo jugador de la Roma!<\/a><\/span><\/p>\n<blockquote class=\"twitter-tweet\" data-width=\"500\">\n<p lang=\"es\" dir=\"ltr\">\u00a1Buena suerte <a href=\"https:\/\/twitter.com\/HectorMorenoh\">@HectorMorenoh<\/a>! \u2764\ufe0f <a href=\"https:\/\/t.co\/lvj1VdPZyf\">pic.twitter.com\/lvj1VdPZyf<\/a><\/p>\n<p>&mdash; PSV (@PSV) <a href=\"https:\/\/twitter.com\/PSV\/status\/874615747972149248\">June 13, 2017<\/a><\/p><\/blockquote>\n<p><script async src=\"\/\/platform.twitter.com\/widgets.js\" charset=\"utf-8\"><\/script><\/p>\n","protected":false},"excerpt":{"rendered":"<p>El club agradeci\u00f3 la entrega del mexicano.<\/p>\n","protected":false},"author":20,"featured_media":472476,"comment_status":"closed","ping_status":"closed","sticky":false,"template":"","format":"standard","meta":[],"categories":[3839,4],"tags":[5987,3224],"_links":{"self":[{"href":"http:\/\/desarrollo.grupomedios.com\/futbol\/wp-json\/wp\/v2\/posts\/483292"}],"collection":[{"href":"http:\/\/desarrollo.grupomedios.com\/futbol\/wp-json\/wp\/v2\/posts"}],"about":[{"href":"http:\/\/desarrollo.grupomedios.com\/futbol\/wp-json\/wp\/v2\/types\/post"}],"author":[{"embeddable":true,"href":"http:\/\/desarrollo.grupomedios.com\/futbol\/wp-json\/wp\/v2\/users\/20"}],"replies":[{"embeddable":true,"href":"http:\/\/desarrollo.grupomedios.com\/futbol\/wp-json\/wp\/v2\/comments?post=483292"}],"version-history":[{"count":1,"href":"http:\/\/desarrollo.grupomedios.com\/futbol\/wp-json\/wp\/v2\/posts\/483292\/revisions"}],"predecessor-version":[{"id":483295,"href":"http:\/\/desarrollo.grupomedios.com\/futbol\/wp-json\/wp\/v2\/posts\/483292\/revisions\/483295"}],"wp:featuredmedia":[{"embeddable":true,"href":"http:\/\/desarrollo.grupomedios.com\/futbol\/wp-json\/wp\/v2\/media\/472476"}],"wp:attachment":[{"href":"http:\/\/desarrollo.grupomedios.com\/futbol\/wp-json\/wp\/v2\/media?parent=483292"}],"wp:term":[{"taxonomy":"category","embeddable":true,"href":"http:\/\/desarrollo.grupomedios.com\/futbol\/wp-json\/wp\/v2\/categories?post=483292"},{"taxonomy":"post_tag","embeddable":true,"href":"http:\/\/desarrollo.grupomedios.com\/futbol\/wp-json\/wp\/v2\/tags?post=483292"}],"curies":[{"name":"wp","href":"https:\/\/api.w.org\/{rel}","templated":true}]}}