{"id":483299,"date":"2017-06-13T14:32:41","date_gmt":"2017-06-13T19:32:41","guid":{"rendered":"https:\/\/www.futboltotal.com.mx\/?p=483299"},"modified":"2017-06-13T14:32:41","modified_gmt":"2017-06-13T19:32:41","slug":"mourinho-insiste-manchester-united-no-tenemos-killer-como-chicharito","status":"publish","type":"post","link":"http:\/\/desarrollo.grupomedios.com\/futbol\/futbol-internacional\/mourinho-insiste-manchester-united-no-tenemos-killer-como-chicharito\/2017\/06","title":{"rendered":"Mourinho insiste: &#8220;(El United) no tiene un &#8216;killer&#8217; como Chicharito&#8221;"},"content":{"rendered":"<p>El actual t\u00e9cnico del <strong>Manchester<\/strong> <strong>United<\/strong>, el portugu\u00e9s <strong>Jos\u00e9<\/strong> <strong>Mourinho<\/strong>, sigue sin entender c\u00f3mo fue posible que los <strong>Red<\/strong> <em>Devils<\/em> dejaran ir al mexicano <strong>Javier<\/strong> <strong>Hern\u00e1ndez<\/strong>, en un claro mensaje para que <em><strong>Chicharito<\/strong><\/em> vuelva a Old Trafford.<\/p>\n<p>&#8220;Tenemos buenos jugadores, que son creativos, pueden crear, pero no hay uno que sea un \u2018killer\u2019 natural&#8221;, asegur\u00f3 el famoso <strong>Special<\/strong> <strong>One<\/strong>.<\/p>\n<p>Sin embargo, <strong>Mourinho<\/strong> fue directo al referirse al mexicano, reiterando <a href=\"https:\/\/www.futboltotal.com.mx\/2017\/05\/chicharito-fuerte-opcion-mourinho-volver-a-manchester-united\/\"><span style=\"color: #333399;\">sus declaraciones de hace un par de meses<\/span><\/a>, cuando llen\u00f3 de elogios el olfato goleador de <strong>Javier<\/strong>.<\/p>\n<p style=\"text-align: center;\"><a href=\"https:\/\/www.futboltotal.com.mx\/2017\/06\/se-filtra-uniforme-alternativo-del-america-en-morado\/\" target=\"_blank\" rel=\"noopener noreferrer\"><span style=\"color: #333399;\">VER M\u00c1S: Se filtra uniforme alternativo del Am\u00e9rica&#8230; en color morado<\/span><\/a><\/p>\n<p>&#8220;En la forma en que jugamos en Old Trafford, dominamos oponentes, jugamos en el \u00e1rea, creo que <em><strong>Chicharito<\/strong><\/em> hubiera anotado, f\u00e1cilmente, 20 goles. Incluso saliendo de la banca los \u00faltimos 10 o 20 minutos, tendr\u00eda 20 goles&#8221;, dijo al sitio oficial de la Bundesliga.<\/p>\n<p>&#8220;(<strong>Chicharito<\/strong>) es un tipo al que le llega f\u00e1cil la pelota, le rebota, le caen cerca los rechaces, \u2018boom\u2019, gol. El portero salva, \u00e9l est\u00e1 ah\u00ed, \u2018boom\u2019, gol. La pelota viene cruzada, anticipa al primer poste de cabeza, gol&#8221;, agreg\u00f3 el t\u00e9cnico, quien al parecer tiene entre sus objetivos para la siguiente campa\u00f1a el regreso de\u00a0<strong>Hern\u00e1ndez<\/strong> al <strong>United<\/strong>.<\/p>\n<p style=\"text-align: center;\"><a href=\"https:\/\/www.futboltotal.com.mx\/2017\/06\/quirarte-calla-a-brailovsky-titulo-chivas-mientras-cometela\/\" target=\"_blank\" rel=\"noopener noreferrer\"><span style=\"color: #333399;\">VER M\u00c1S: Quirarte calla a Brailovsky con t\u00edtulo de Chivas: &#8220;Mientras c\u00f3metela&#8221;<\/span><\/a><\/p>\n","protected":false},"excerpt":{"rendered":"<p>El t\u00e9cnico del Manchester United sigue sin entender c\u00f3mo dejaron ir a Hern\u00e1ndez.<\/p>\n","protected":false},"author":20,"featured_media":483343,"comment_status":"closed","ping_status":"closed","sticky":false,"template":"","format":"standard","meta":[],"categories":[7740,3839,3846,6718],"tags":[4335,120,5985,43,1484],"_links":{"self":[{"href":"http:\/\/desarrollo.grupomedios.com\/futbol\/wp-json\/wp\/v2\/posts\/483299"}],"collection":[{"href":"http:\/\/desarrollo.grupomedios.com\/futbol\/wp-json\/wp\/v2\/posts"}],"about":[{"href":"http:\/\/desarrollo.grupomedios.com\/futbol\/wp-json\/wp\/v2\/types\/post"}],"author":[{"embeddable":true,"href":"http:\/\/desarrollo.grupomedios.com\/futbol\/wp-json\/wp\/v2\/users\/20"}],"replies":[{"embeddable":true,"href":"http:\/\/desarrollo.grupomedios.com\/futbol\/wp-json\/wp\/v2\/comments?post=483299"}],"version-history":[{"count":1,"href":"http:\/\/desarrollo.grupomedios.com\/futbol\/wp-json\/wp\/v2\/posts\/483299\/revisions"}],"predecessor-version":[{"id":483345,"href":"http:\/\/desarrollo.grupomedios.com\/futbol\/wp-json\/wp\/v2\/posts\/483299\/revisions\/483345"}],"wp:featuredmedia":[{"embeddable":true,"href":"http:\/\/desarrollo.grupomedios.com\/futbol\/wp-json\/wp\/v2\/media\/483343"}],"wp:attachment":[{"href":"http:\/\/desarrollo.grupomedios.com\/futbol\/wp-json\/wp\/v2\/media?parent=483299"}],"wp:term":[{"taxonomy":"category","embeddable":true,"href":"http:\/\/desarrollo.grupomedios.com\/futbol\/wp-json\/wp\/v2\/categories?post=483299"},{"taxonomy":"post_tag","embeddable":true,"href":"http:\/\/desarrollo.grupomedios.com\/futbol\/wp-json\/wp\/v2\/tags?post=483299"}],"curies":[{"name":"wp","href":"https:\/\/api.w.org\/{rel}","templated":true}]}}