{"id":483312,"date":"2017-06-13T12:02:08","date_gmt":"2017-06-13T17:02:08","guid":{"rendered":"https:\/\/www.futboltotal.com.mx\/?p=483312"},"modified":"2017-06-13T12:02:08","modified_gmt":"2017-06-13T17:02:08","slug":"fichaje-del-real-madrid-permitio-llegada-salcedo-al-eintracht","status":"publish","type":"post","link":"http:\/\/desarrollo.grupomedios.com\/futbol\/futbol-internacional\/fichaje-del-real-madrid-permitio-llegada-salcedo-al-eintracht\/2017\/06","title":{"rendered":"Fichaje del Real Madrid permiti\u00f3 llegada de Salcedo al Eintracht"},"content":{"rendered":"<p>El <strong>Eintracht Frankfurt<\/strong> ha informado este lunes de que el defensa central espa\u00f1ol Jes\u00fas Vallejo regresar\u00e1 la temporada que viene al Real Madrid tras una campa\u00f1a en las filas del equipo alem\u00e1n cedido por el club blanco<\/p>\n<p>Con el <strong>Eintracht<\/strong>, al que lleg\u00f3 cedido en el verano de 2016, Jes\u00fas Vallejo ha jugado 27 partidos, que pudieron ser m\u00e1s de no ser por las lesiones musculares que los acosaron desde febrero.<\/p>\n<p style=\"text-align: center;\"><span style=\"color: #3366ff;\"><a style=\"color: #3366ff;\" href=\"https:\/\/www.futboltotal.com.mx\/2017\/06\/hector-moreno-nuevo-jugador-la-roma\/\">VER M\u00c1S: \u00a1H\u00e9ctor Moreno es nuevo jugador de la Roma!<\/a><\/span><\/p>\n<p>https:\/\/twitter.com\/eintracht_esp\/status\/874315286626873345<\/p>\n<p>Ahora regresa al Real Madrid para cubrir la baja del portugu\u00e9s Pepe. Vallejo jug\u00f3 en el Zaragoza entre 2014 y 2016.<\/p>\n<p>&#8220;Me gustar\u00eda dar las gracias a todos los responsables del club, especialmente a Fredi Bobic, Bruno H\u00fcbner y Niko Kovac. Tambi\u00e9n a mis compa\u00f1eros de equipo, de los que he aprendido mucho&#8221;, afirma Vallejo en la web del club germano, del que se declara &#8220;un aficionado&#8221; m\u00e1s en el futuro.<\/p>\n<p>Es por eso que tras el regreso de Vallejo al Real Madrid, el <strong>Eintracht<\/strong> tuvo que fichar a un jugador de la misma posici\u00f3n y el elegido fue el mexicano <strong>Carlos Salcedo<\/strong>, que<span style=\"color: #3366ff;\"><a style=\"color: #3366ff;\" href=\"https:\/\/www.futboltotal.com.mx\/2017\/06\/salcedo-se-une-a-fabian-en-eintracht-frankfurt\/\" target=\"_blank\" rel=\"noopener noreferrer\"> anunci\u00f3 su traspaso a las \u00c1guilas<\/a><\/span>.<\/p>\n<p style=\"text-align: center;\"><span style=\"color: #3366ff;\"><a style=\"color: #3366ff;\" href=\"https:\/\/www.futboltotal.com.mx\/2017\/06\/peruano-renato-tapia-uno-los-refuerzos-del-america\/\">VER M\u00c1S: El peruano Renato Tapia ser\u00eda uno de los refuerzos del Am\u00e9rica<\/a><\/span><\/p>\n<p>https:\/\/twitter.com\/eintracht_esp\/status\/874658638014672896<\/p>\n","protected":false},"excerpt":{"rendered":"<p>Salcedo lleg\u00f3 a relevar al jugador espa\u00f1ol Vallejo.<\/p>\n","protected":false},"author":144,"featured_media":471169,"comment_status":"closed","ping_status":"closed","sticky":false,"template":"","format":"standard","meta":[],"categories":[3839],"tags":[5531,3588],"_links":{"self":[{"href":"http:\/\/desarrollo.grupomedios.com\/futbol\/wp-json\/wp\/v2\/posts\/483312"}],"collection":[{"href":"http:\/\/desarrollo.grupomedios.com\/futbol\/wp-json\/wp\/v2\/posts"}],"about":[{"href":"http:\/\/desarrollo.grupomedios.com\/futbol\/wp-json\/wp\/v2\/types\/post"}],"author":[{"embeddable":true,"href":"http:\/\/desarrollo.grupomedios.com\/futbol\/wp-json\/wp\/v2\/users\/144"}],"replies":[{"embeddable":true,"href":"http:\/\/desarrollo.grupomedios.com\/futbol\/wp-json\/wp\/v2\/comments?post=483312"}],"version-history":[{"count":1,"href":"http:\/\/desarrollo.grupomedios.com\/futbol\/wp-json\/wp\/v2\/posts\/483312\/revisions"}],"predecessor-version":[{"id":483318,"href":"http:\/\/desarrollo.grupomedios.com\/futbol\/wp-json\/wp\/v2\/posts\/483312\/revisions\/483318"}],"wp:featuredmedia":[{"embeddable":true,"href":"http:\/\/desarrollo.grupomedios.com\/futbol\/wp-json\/wp\/v2\/media\/471169"}],"wp:attachment":[{"href":"http:\/\/desarrollo.grupomedios.com\/futbol\/wp-json\/wp\/v2\/media?parent=483312"}],"wp:term":[{"taxonomy":"category","embeddable":true,"href":"http:\/\/desarrollo.grupomedios.com\/futbol\/wp-json\/wp\/v2\/categories?post=483312"},{"taxonomy":"post_tag","embeddable":true,"href":"http:\/\/desarrollo.grupomedios.com\/futbol\/wp-json\/wp\/v2\/tags?post=483312"}],"curies":[{"name":"wp","href":"https:\/\/api.w.org\/{rel}","templated":true}]}}