{"id":483317,"date":"2017-06-13T12:12:18","date_gmt":"2017-06-13T17:12:18","guid":{"rendered":"https:\/\/www.futboltotal.com.mx\/?p=483317"},"modified":"2017-06-13T12:12:18","modified_gmt":"2017-06-13T17:12:18","slug":"tigres-cambiara-horario-en-partidos-local","status":"publish","type":"post","link":"http:\/\/desarrollo.grupomedios.com\/futbol\/futbol-mexicano\/tigres-cambiara-horario-en-partidos-local\/2017\/06","title":{"rendered":"\u00bfTigres cambiar\u00e1 su horario en partidos de local?"},"content":{"rendered":"<p>Varios equipos de la <strong>Liga MX<\/strong> se encuentran en la disyuntiva de modificar su horario en partidos como local para el <strong>Apertura 2017<\/strong>, hecho que ha retrasado la salida del calendario por parte de la <strong>Federaci\u00f3n Mexicana de Futbol<\/strong>.<\/p>\n<p>Uno de los rumores establece que los equipos regios, <strong>Tigres y Rayados<\/strong>, cambiar\u00edan su horario de las\u00a019:00 hrs para pasar a las 21:00 hrs.<\/p>\n<p style=\"text-align: center;\"><span style=\"color: #333399;\"><a style=\"color: #333399;\" href=\"https:\/\/www.futboltotal.com.mx\/2017\/06\/rayados-prohibe-entrada-a-fans-jersey-tigres-en-estadio\/\" target=\"_blank\" rel=\"noopener noreferrer\">VER M\u00c1S: Fans de Tigres no podr\u00e1n entrar al estadio de Rayados<\/a><\/span><\/p>\n<p>Sin embargo, el Ingeniero, <strong>Alejandro Rodr\u00edguez<\/strong>, indic\u00f3 que los felinos no han sido notificados sobre un posible cambio para sus juegos en el Universitario.<\/p>\n<p>\u201cLo le\u00ed en la prensa que quer\u00edan que jug\u00e1ramos a las 21:00hrs, nosotros no hemos recibido ninguna solicitud oficial de nadie para hacerlo, eso lo han manejado los medios\u201d, indic\u00f3 el directivo felino<\/p>\n<p>Por otro lado, el mismo <strong>Rodr\u00edguez<\/strong> indic\u00f3 que no quieren cambiar sus horarios como local, pues a los aficionados les gusta el actual y les parece c\u00f3modo.<\/p>\n<blockquote><p>\u201cNosotros no nos cambiar\u00edamos de las 19:00hrs, hemos hecho encuestas y es un horario donde la afici\u00f3n viene tranquila, donde despu\u00e9s se pueden ir a compromisos sociales, es un horario conveniente. Para la costumbre del regiomontano es un horario que se acomoda muy bien\u201d, sentenci\u00f3.<\/p><\/blockquote>\n<p style=\"text-align: center;\"><span style=\"color: #333399;\"><a style=\"color: #333399;\" href=\"https:\/\/www.futboltotal.com.mx\/2017\/06\/tigres-rechazo-oferta-america-ismael-sosa\/\" target=\"_blank\" rel=\"noopener noreferrer\">VER M\u00c1S: La oferta que Tigres rechaz\u00f3 por Ismael Sosa<\/a><\/span><\/p>\n","protected":false},"excerpt":{"rendered":"<p>El cuadro felino podr\u00eda modificar su horario para el Apertura 2017<\/p>\n","protected":false},"author":20,"featured_media":476608,"comment_status":"closed","ping_status":"closed","sticky":false,"template":"","format":"standard","meta":[],"categories":[2198,3845],"tags":[64,497,5973,444],"_links":{"self":[{"href":"http:\/\/desarrollo.grupomedios.com\/futbol\/wp-json\/wp\/v2\/posts\/483317"}],"collection":[{"href":"http:\/\/desarrollo.grupomedios.com\/futbol\/wp-json\/wp\/v2\/posts"}],"about":[{"href":"http:\/\/desarrollo.grupomedios.com\/futbol\/wp-json\/wp\/v2\/types\/post"}],"author":[{"embeddable":true,"href":"http:\/\/desarrollo.grupomedios.com\/futbol\/wp-json\/wp\/v2\/users\/20"}],"replies":[{"embeddable":true,"href":"http:\/\/desarrollo.grupomedios.com\/futbol\/wp-json\/wp\/v2\/comments?post=483317"}],"version-history":[{"count":1,"href":"http:\/\/desarrollo.grupomedios.com\/futbol\/wp-json\/wp\/v2\/posts\/483317\/revisions"}],"predecessor-version":[{"id":483319,"href":"http:\/\/desarrollo.grupomedios.com\/futbol\/wp-json\/wp\/v2\/posts\/483317\/revisions\/483319"}],"wp:featuredmedia":[{"embeddable":true,"href":"http:\/\/desarrollo.grupomedios.com\/futbol\/wp-json\/wp\/v2\/media\/476608"}],"wp:attachment":[{"href":"http:\/\/desarrollo.grupomedios.com\/futbol\/wp-json\/wp\/v2\/media?parent=483317"}],"wp:term":[{"taxonomy":"category","embeddable":true,"href":"http:\/\/desarrollo.grupomedios.com\/futbol\/wp-json\/wp\/v2\/categories?post=483317"},{"taxonomy":"post_tag","embeddable":true,"href":"http:\/\/desarrollo.grupomedios.com\/futbol\/wp-json\/wp\/v2\/tags?post=483317"}],"curies":[{"name":"wp","href":"https:\/\/api.w.org\/{rel}","templated":true}]}}