{"id":483321,"date":"2017-06-13T12:32:36","date_gmt":"2017-06-13T17:32:36","guid":{"rendered":"https:\/\/www.futboltotal.com.mx\/?p=483321"},"modified":"2017-06-13T12:33:13","modified_gmt":"2017-06-13T17:33:13","slug":"quirarte-calla-a-brailovsky-titulo-chivas-mientras-cometela","status":"publish","type":"post","link":"http:\/\/desarrollo.grupomedios.com\/futbol\/futbol-mexicano\/quirarte-calla-a-brailovsky-titulo-chivas-mientras-cometela\/2017\/06","title":{"rendered":"Quirarte calla a Brailovsky con t\u00edtulo de Chivas: &#8220;Mientras c\u00f3metela&#8221;"},"content":{"rendered":"<p>Las pasiones que desbordan <strong>Am\u00e9rica<\/strong> y <strong>Chivas<\/strong> muchas veces no tienen l\u00edmites, incluso entre los ex futbolistas de estos clubes que han decidido trabajar como comentaristas de televisi\u00f3n, tal y como pas\u00f3 con <strong>Fernando<\/strong> <strong>Quirarte<\/strong> y <strong>Daniel<\/strong> <strong>Brailovsky<\/strong>, ex jugadores e \u00eddolos del <em><strong>Reba\u00f1o<\/strong><\/em> y las <em><strong>\u00c1guilas<\/strong><\/em> respectivamente.<\/p>\n<p>Debido al t\u00edtulo de Liga del <strong>Guadalajara<\/strong> en el pasado <strong>Clausura<\/strong> <strong>2017<\/strong>, el <strong><em>Ruso<\/em> Brailovsky<\/strong> quiso minimizar el logro de los tapat\u00edos luego de 11 a\u00f1os sin ser campeones de Liga, lo que el <strong><em>Sheriff<\/em> Quirarte<\/strong> no permiti\u00f3.<\/p>\n<p style=\"text-align: center;\"><a href=\"https:\/\/www.futboltotal.com.mx\/2017\/06\/peruano-renato-tapia-uno-los-refuerzos-del-america\/\" target=\"_blank\" rel=\"noopener noreferrer\"><span style=\"color: #333399;\">VER M\u00c1S: Peruano Renato Tapia ser\u00eda refuerzo del Am\u00e9rica<\/span><\/a><\/p>\n<p>El ex jugador de las <strong>Chivas<\/strong> decidi\u00f3 callar al argentino, ex futbolista y ex t\u00e9cnico del <strong>Am\u00e9rica<\/strong>, con la contundente frase: &#8220;Mientras c\u00f3metela, ya ya ya. Ahorita, calladito te ves m\u00e1s bonito&#8221;.<\/p>\n<p><strong>Brailovsky<\/strong> insisti\u00f3 y dijo que esa respuesta s\u00f3lo ser\u00eda v\u00e1lida por seis meses, pero el conductor <strong>Andr\u00e9<\/strong> <strong>Mar\u00edn<\/strong> apoy\u00f3 a <strong>Quirarte<\/strong>, aumentando la molestia del \u00eddolo azulcrema.<\/p>\n<p style=\"text-align: center;\"><a href=\"https:\/\/www.futboltotal.com.mx\/2017\/06\/boca-juniors-intentaria-una-vez-fichar-a-guido-pizarro\/\" target=\"_blank\" rel=\"noopener noreferrer\"><span style=\"color: #333399;\">VER M\u00c1S: Boca Juniors intentar\u00eda una vez m\u00e1s robarle a Guido Pizarro a Tigres<\/span><\/a><\/p>\n<p>\u00a0<iframe loading=\"lazy\" src=\"https:\/\/www.youtube.com\/embed\/9TRnm0Nf0GY\" frameborder=\"0\" allowfullscreen=\"allowfullscreen\"><\/iframe><\/p>\n","protected":false},"excerpt":{"rendered":"<p>El Ruso Brailovsky quiso minimizar el t\u00edtulo de Chivas, pero el Sheriff Quirarte no lo permiti\u00f3.<\/p>\n","protected":false},"author":20,"featured_media":483323,"comment_status":"closed","ping_status":"closed","sticky":false,"template":"","format":"standard","meta":[],"categories":[5419,2198,3845],"tags":[5959,70,3393,832,7491,8964],"_links":{"self":[{"href":"http:\/\/desarrollo.grupomedios.com\/futbol\/wp-json\/wp\/v2\/posts\/483321"}],"collection":[{"href":"http:\/\/desarrollo.grupomedios.com\/futbol\/wp-json\/wp\/v2\/posts"}],"about":[{"href":"http:\/\/desarrollo.grupomedios.com\/futbol\/wp-json\/wp\/v2\/types\/post"}],"author":[{"embeddable":true,"href":"http:\/\/desarrollo.grupomedios.com\/futbol\/wp-json\/wp\/v2\/users\/20"}],"replies":[{"embeddable":true,"href":"http:\/\/desarrollo.grupomedios.com\/futbol\/wp-json\/wp\/v2\/comments?post=483321"}],"version-history":[{"count":1,"href":"http:\/\/desarrollo.grupomedios.com\/futbol\/wp-json\/wp\/v2\/posts\/483321\/revisions"}],"predecessor-version":[{"id":483324,"href":"http:\/\/desarrollo.grupomedios.com\/futbol\/wp-json\/wp\/v2\/posts\/483321\/revisions\/483324"}],"wp:featuredmedia":[{"embeddable":true,"href":"http:\/\/desarrollo.grupomedios.com\/futbol\/wp-json\/wp\/v2\/media\/483323"}],"wp:attachment":[{"href":"http:\/\/desarrollo.grupomedios.com\/futbol\/wp-json\/wp\/v2\/media?parent=483321"}],"wp:term":[{"taxonomy":"category","embeddable":true,"href":"http:\/\/desarrollo.grupomedios.com\/futbol\/wp-json\/wp\/v2\/categories?post=483321"},{"taxonomy":"post_tag","embeddable":true,"href":"http:\/\/desarrollo.grupomedios.com\/futbol\/wp-json\/wp\/v2\/tags?post=483321"}],"curies":[{"name":"wp","href":"https:\/\/api.w.org\/{rel}","templated":true}]}}