{"id":483328,"date":"2017-06-13T14:07:18","date_gmt":"2017-06-13T19:07:18","guid":{"rendered":"https:\/\/www.futboltotal.com.mx\/?p=483328"},"modified":"2017-06-13T14:07:18","modified_gmt":"2017-06-13T19:07:18","slug":"pumas-ficharia-a-ex-jugador-del-barcelona-companero-ochoa","status":"publish","type":"post","link":"http:\/\/desarrollo.grupomedios.com\/futbol\/futbol-mexicano\/pumas-ficharia-a-ex-jugador-del-barcelona-companero-ochoa\/2017\/06","title":{"rendered":"Pumas fichar\u00eda a ex jugador del Barcelona y compa\u00f1ero de Ochoa"},"content":{"rendered":"<p>Los <strong>Pumas<\/strong> seguir\u00edan apostando por reforzarse con jugadores espa\u00f1oles, recordando que con la llegada\u00a0del t\u00e9cnico Juan <strong>Francisco<\/strong> <strong>Palencia<\/strong> tambi\u00e9n lo hicieron los jugadores ib\u00e9ricos <strong>Sa\u00fal<\/strong> <strong>Berj\u00f3n<\/strong> y <strong>Abraham<\/strong> <strong>Gonz\u00e1lez<\/strong>, aunque s\u00f3lo el primero se logr\u00f3 consolidar con los auriazules.<\/p>\n<p>Esta vez el cuadro de la UNAM fichar\u00eda a un jugador surgido de la cantera del <strong>Barcelona<\/strong> y que fue compa\u00f1ero del portero mexicano <strong>Guillermo<\/strong> <strong>Ochoa<\/strong> en el <strong>Granada<\/strong> durante la pasada campa\u00f1a. Se trata del atacante <strong>Isaac<\/strong> <strong>Cuenca<\/strong>.<\/p>\n<p style=\"text-align: center;\"><a href=\"https:\/\/www.futboltotal.com.mx\/2017\/06\/peruano-renato-tapia-uno-los-refuerzos-del-america\/\" target=\"_blank\" rel=\"noopener noreferrer\"><span style=\"color: #333399;\">VER M\u00c1S: Peruano Renato Tapia ser\u00eda refuerzo del Am\u00e9rica<\/span><\/a><\/p>\n<p>Medios de <strong>Granada<\/strong> han mencionado que <strong>Cuenca<\/strong> ya termin\u00f3 su contrato con el equipo espa\u00f1ol que descendi\u00f3 y le permitir\u00edan buscar un nuevo equipo para no jugar en la segunda Divisi\u00f3n espa\u00f1ola, por lo que en los siguientes d\u00edas se dar\u00eda su presentaci\u00f3n con los <strong>Pumas<\/strong>.<\/p>\n<p>El juego de <strong>Cuenca<\/strong>, un extremo veloz y encarador, encajar\u00eda con el estilo que <strong>Palencia<\/strong> busca dar a sus <strong>Pumas<\/strong>, adem\u00e1s de que ser\u00eda una nueva oportunidad para que el espa\u00f1ol retome su mejor nivel, ya que tras su salida del <strong>Barcelona<\/strong> en 2013 ha pasado por <strong>Ajax<\/strong>, <strong>Deportivo<\/strong> <strong>La<\/strong> <strong>Coru\u00f1a<\/strong>, <strong>Bursaspor<\/strong> y <strong>Granada<\/strong> sin poder ser el mismo que se gan\u00f3 m\u00faltiples elogios tras su debut con el <em><strong>Bar\u00e7a<\/strong><\/em>.<\/p>\n<p style=\"text-align: center;\"><a href=\"https:\/\/www.futboltotal.com.mx\/2017\/06\/mishelle-herrera-sufre-transformacion\/\" target=\"_blank\" rel=\"noopener noreferrer\"><span style=\"color: #333399;\">VER M\u00c1S: \u00a1Mishelle, hija del Piojo Herrera, luce m\u00e1s delgada y sexy!<\/span><\/a><\/p>\n","protected":false},"excerpt":{"rendered":"<p>Los Pumas apostar\u00edan por m\u00e1s refuerzos espa\u00f1oles para el Apertura 2017.<\/p>\n","protected":false},"author":20,"featured_media":483329,"comment_status":"closed","ping_status":"closed","sticky":false,"template":"","format":"standard","meta":[],"categories":[7740,3839,2198,3844,3845],"tags":[700,5991,8966,74,5976],"_links":{"self":[{"href":"http:\/\/desarrollo.grupomedios.com\/futbol\/wp-json\/wp\/v2\/posts\/483328"}],"collection":[{"href":"http:\/\/desarrollo.grupomedios.com\/futbol\/wp-json\/wp\/v2\/posts"}],"about":[{"href":"http:\/\/desarrollo.grupomedios.com\/futbol\/wp-json\/wp\/v2\/types\/post"}],"author":[{"embeddable":true,"href":"http:\/\/desarrollo.grupomedios.com\/futbol\/wp-json\/wp\/v2\/users\/20"}],"replies":[{"embeddable":true,"href":"http:\/\/desarrollo.grupomedios.com\/futbol\/wp-json\/wp\/v2\/comments?post=483328"}],"version-history":[{"count":1,"href":"http:\/\/desarrollo.grupomedios.com\/futbol\/wp-json\/wp\/v2\/posts\/483328\/revisions"}],"predecessor-version":[{"id":483334,"href":"http:\/\/desarrollo.grupomedios.com\/futbol\/wp-json\/wp\/v2\/posts\/483328\/revisions\/483334"}],"wp:featuredmedia":[{"embeddable":true,"href":"http:\/\/desarrollo.grupomedios.com\/futbol\/wp-json\/wp\/v2\/media\/483329"}],"wp:attachment":[{"href":"http:\/\/desarrollo.grupomedios.com\/futbol\/wp-json\/wp\/v2\/media?parent=483328"}],"wp:term":[{"taxonomy":"category","embeddable":true,"href":"http:\/\/desarrollo.grupomedios.com\/futbol\/wp-json\/wp\/v2\/categories?post=483328"},{"taxonomy":"post_tag","embeddable":true,"href":"http:\/\/desarrollo.grupomedios.com\/futbol\/wp-json\/wp\/v2\/tags?post=483328"}],"curies":[{"name":"wp","href":"https:\/\/api.w.org\/{rel}","templated":true}]}}