{"id":483332,"date":"2017-06-13T14:26:18","date_gmt":"2017-06-13T19:26:18","guid":{"rendered":"https:\/\/www.futboltotal.com.mx\/?p=483332"},"modified":"2017-06-13T14:26:18","modified_gmt":"2017-06-13T19:26:18","slug":"usain-bolt-cumplira-sueno-futbolista%ef%bb%bf","status":"publish","type":"post","link":"http:\/\/desarrollo.grupomedios.com\/futbol\/cambio-de-juego\/usain-bolt-cumplira-sueno-futbolista%ef%bb%bf\/2017\/06","title":{"rendered":"Usain Bolt cumplir\u00e1 su sue\u00f1o de ser futbolista\ufeff"},"content":{"rendered":"<p>El atleta de Jamaica, <strong>Usain Bolt<\/strong> por fin cumplir\u00e1 su sue\u00f1o de ser <strong>futbolista<\/strong>, o al menos ser\u00e1 lo m\u00e1s cerca que estar\u00e1 de llegar a esa meta.<\/p>\n<p>El ganador de la medalla de oro en los 100 metros y 200 metros por tres <strong>Juegos Ol\u00edmpicos<\/strong> consecutivos, aparecer\u00e1n ene el video juego <strong>Pro Evolution Soccer<\/strong> del 2018.<\/p>\n<p style=\"text-align: center;\"><span style=\"color: #333399;\"><a style=\"color: #333399;\" href=\"https:\/\/www.futboltotal.com.mx\/2017\/06\/psg-cierra-la-puerta-salida-a-verratti\/\" target=\"_blank\" rel=\"noopener noreferrer\">VER M\u00c1S: PSG no quiere permitir que se vaya Verratti<\/a><\/span><\/p>\n<p><strong>Bolt<\/strong> podr\u00e1 ser utilizado dentro del videojuego para todos aquellos que\u00a0\u201cencarguen el videojuego antes de su salida al mercado, prevista para el pr\u00f3ximo <strong>14 de septiembre<\/strong>\u201d y estar\u00e1 solo en una de las modalidades de juego, de acuerdo con la empresa japonesa que se encarga de fabricar el videojuego.<\/p>\n<p>&nbsp;<\/p>\n<p>En una animaci\u00f3n, se puede ver a <strong>Usain Bolt<\/strong> con una camiseta azul y el n\u00famero 9 en la espalda jugando futbol e imitar su famoso festejo.<\/p>\n<p style=\"text-align: center;\"><span style=\"color: #333399;\"><a style=\"color: #333399;\" href=\"https:\/\/www.futboltotal.com.mx\/2017\/06\/boca-juniors-intentaria-una-vez-fichar-a-guido-pizarro\/\" target=\"_blank\" rel=\"noopener noreferrer\">VER M\u00c1S: Este equipo sudamericano quiere &#8216;robarle&#8217; una de sus estrellas a Tigres<\/a><\/span><\/p>\n<blockquote class=\"twitter-tweet\" data-width=\"500\">\n<p lang=\"en\" dir=\"ltr\">ICYMI, the man himself <a href=\"https:\/\/twitter.com\/usainbolt\">@usainbolt<\/a> is coming to <a href=\"https:\/\/twitter.com\/hashtag\/PES2018?src=hash\">#PES2018<\/a>. Available only as a pre-order exclusive! <a href=\"https:\/\/t.co\/b7HcXGLBle\">https:\/\/t.co\/b7HcXGLBle<\/a> <a href=\"https:\/\/t.co\/2gqFp9Bcjg\">pic.twitter.com\/2gqFp9Bcjg<\/a><\/p>\n<p>&mdash; Pro Evolution Soccer (@officialpes) <a href=\"https:\/\/twitter.com\/officialpes\/status\/874597217578893313\">June 13, 2017<\/a><\/p><\/blockquote>\n<p><script async src=\"\/\/platform.twitter.com\/widgets.js\" charset=\"utf-8\"><\/script><\/p>\n","protected":false},"excerpt":{"rendered":"<p>Por fin el atleta podr\u00e1 ser futbolista como siempre ha querido<\/p>\n","protected":false},"author":20,"featured_media":483339,"comment_status":"closed","ping_status":"closed","sticky":false,"template":"","format":"standard","meta":[],"categories":[5419],"tags":[3882,824,1911,8967,1793],"_links":{"self":[{"href":"http:\/\/desarrollo.grupomedios.com\/futbol\/wp-json\/wp\/v2\/posts\/483332"}],"collection":[{"href":"http:\/\/desarrollo.grupomedios.com\/futbol\/wp-json\/wp\/v2\/posts"}],"about":[{"href":"http:\/\/desarrollo.grupomedios.com\/futbol\/wp-json\/wp\/v2\/types\/post"}],"author":[{"embeddable":true,"href":"http:\/\/desarrollo.grupomedios.com\/futbol\/wp-json\/wp\/v2\/users\/20"}],"replies":[{"embeddable":true,"href":"http:\/\/desarrollo.grupomedios.com\/futbol\/wp-json\/wp\/v2\/comments?post=483332"}],"version-history":[{"count":1,"href":"http:\/\/desarrollo.grupomedios.com\/futbol\/wp-json\/wp\/v2\/posts\/483332\/revisions"}],"predecessor-version":[{"id":483342,"href":"http:\/\/desarrollo.grupomedios.com\/futbol\/wp-json\/wp\/v2\/posts\/483332\/revisions\/483342"}],"wp:featuredmedia":[{"embeddable":true,"href":"http:\/\/desarrollo.grupomedios.com\/futbol\/wp-json\/wp\/v2\/media\/483339"}],"wp:attachment":[{"href":"http:\/\/desarrollo.grupomedios.com\/futbol\/wp-json\/wp\/v2\/media?parent=483332"}],"wp:term":[{"taxonomy":"category","embeddable":true,"href":"http:\/\/desarrollo.grupomedios.com\/futbol\/wp-json\/wp\/v2\/categories?post=483332"},{"taxonomy":"post_tag","embeddable":true,"href":"http:\/\/desarrollo.grupomedios.com\/futbol\/wp-json\/wp\/v2\/tags?post=483332"}],"curies":[{"name":"wp","href":"https:\/\/api.w.org\/{rel}","templated":true}]}}