{"id":483340,"date":"2017-06-13T14:30:19","date_gmt":"2017-06-13T19:30:19","guid":{"rendered":"https:\/\/www.futboltotal.com.mx\/?p=483340"},"modified":"2017-06-13T14:30:19","modified_gmt":"2017-06-13T19:30:19","slug":"virginia-ramirez-aparece-en-playboy","status":"publish","type":"post","link":"http:\/\/desarrollo.grupomedios.com\/futbol\/cambio-de-juego\/virginia-ramirez-aparece-en-playboy\/2017\/06","title":{"rendered":"\u00a1\u00bfVirginia Ram\u00edrez aparece en Playboy?!"},"content":{"rendered":"<p>El inicio de junio parec\u00eda prometedor para los aficionados al futbol, por la actividad internacional en cuanto a Eliminatorias Mundialistas y Copa Confederaciones; pero tambi\u00e9n, y en especial, para los que son seguidores de la conductora de <em>Televisa Deportes<\/em>, <strong>Virginia Ram\u00edrez<\/strong>, pues por un momento pensaron, que la ver\u00edan completamente desnuda en una revista para caballeros.<\/p>\n<p>Todo comenz\u00f3 por una publicaci\u00f3n de <em>Playboy<\/em> en su cuenta de Twitter en M\u00e9xico, pues anunciaron la participaci\u00f3n de <strong>Virginia Ram\u00edrez<\/strong> en una din\u00e1mica con ellos; sin embargo, el tuit fue malinterpretado, pues algunos usuarios creyeron que la conductora habr\u00eda llegado a un acuerdo con la revista, para mostrar su cuerpo al desnudo.<\/p>\n<p style=\"text-align: center;\"><span style=\"color: #3366ff;\"><a style=\"color: #3366ff;\" href=\"https:\/\/www.futboltotal.com.mx\/2017\/06\/boca-juniors-intentaria-una-vez-fichar-a-guido-pizarro\/\" target=\"_blank\" rel=\"noopener noreferrer\"><strong>VER M\u00c1S: Planean robarle a Tigres a Guido Pizarro<\/strong><\/a><\/span><\/p>\n<blockquote class=\"twitter-tweet\" data-lang=\"es\">\n<p dir=\"ltr\" lang=\"es\">\u00a1Muy pronto! Sorpresa con <a href=\"https:\/\/twitter.com\/VirginiaRmz\">@VirginiaRmz<\/a> en <a href=\"https:\/\/t.co\/BEPgP2CDho\">https:\/\/t.co\/BEPgP2CDho<\/a> <a href=\"https:\/\/t.co\/Fo84jimeQF\">pic.twitter.com\/Fo84jimeQF<\/a><\/p>\n<p>\u2014 Playboy M\u00e9xico (@PlayboyMX) <a href=\"https:\/\/twitter.com\/PlayboyMX\/status\/869314872730845184\">29 de mayo de 2017<\/a><\/p><\/blockquote>\n<p><script async src=\"\/\/platform.twitter.com\/widgets.js\" charset=\"utf-8\"><\/script><\/p>\n<p>La publicaci\u00f3n gener\u00f3 muchas reacciones, de usuarios que ya se imaginaban a <strong>Virginia Ram\u00edrez<\/strong>, en las p\u00e1ginas centrales de la revista, por eso ella reaccion\u00f3, negando rotundamente la posibilidad de desnudarse.<\/p>\n<p style=\"text-align: center;\"><span style=\"color: #3366ff;\"><a style=\"color: #3366ff;\" href=\"https:\/\/www.futboltotal.com.mx\/2017\/06\/gignac-liga-mx-se-suman-a-batalla-contra-cancer-de-orozco\/\" target=\"_blank\" rel=\"noopener noreferrer\"><strong>VER M\u00c1S: Gignac y Arsenal se suman a causa de Ezequiel Orozco<\/strong><\/a><\/span><\/p>\n<blockquote class=\"twitter-tweet\" data-lang=\"es\">\n<p dir=\"ltr\" lang=\"es\">Si no sabes mejor <\/p>\n<p>\u2014 Virginia Ramirez (@VirginiaRmz) <a href=\"https:\/\/twitter.com\/VirginiaRmz\/status\/869333299587682304\">29 de mayo de 2017<\/a><\/p><\/blockquote>\n<p><script async src=\"\/\/platform.twitter.com\/widgets.js\" charset=\"utf-8\"><\/script><\/p>\n<blockquote class=\"twitter-tweet\" data-lang=\"es\">\n<p dir=\"ltr\" lang=\"es\">Uyyy  Estar\u00e9 muy atento. <\/p>\n<p>\u2014 Rich Bermudez (@Mancinni777) <a href=\"https:\/\/twitter.com\/Mancinni777\/status\/869342390552866816\">29 de mayo de 2017<\/a><\/p><\/blockquote>\n<p><script async src=\"\/\/platform.twitter.com\/widgets.js\" charset=\"utf-8\"><\/script><\/p>\n<blockquote class=\"twitter-tweet\" data-conversation=\"none\" data-lang=\"es\">\n<p dir=\"ltr\" lang=\"es\">De verdad nos vas a regalar tu belleza como dios te trajo al mundo. Gracias <\/p>\n<p>\u2014 Chaman (@demoniochaman2) <a href=\"https:\/\/twitter.com\/demoniochaman2\/status\/869360766620663813\">30 de mayo de 2017<\/a><\/p><\/blockquote>\n<p><script async src=\"\/\/platform.twitter.com\/widgets.js\" charset=\"utf-8\"><\/script><\/p>\n<blockquote class=\"twitter-tweet\" data-conversation=\"none\" data-lang=\"es\">\n<p dir=\"ltr\" lang=\"es\">Jajaj nadie la va a comprar<\/p>\n<p>\u2014 5551526345ARLENECDMX (@ESCORTILIANA_) <a href=\"https:\/\/twitter.com\/ESCORTILIANA_\/status\/869321856108511232\">29 de mayo de 2017<\/a><\/p><\/blockquote>\n<p><script async src=\"\/\/platform.twitter.com\/widgets.js\" charset=\"utf-8\"><\/script><\/p>\n<p style=\"text-align: center;\"><span style=\"color: #3366ff;\"><a style=\"color: #3366ff;\" href=\"https:\/\/www.futboltotal.com.mx\/2017\/06\/tigres-cambiara-horario-en-partidos-local\/\" target=\"_blank\" rel=\"noopener noreferrer\"><strong>VER M\u00c1S: Tigres cambiar\u00eda su horario de local para Apertura 2017<\/strong><\/a><\/span><\/p>\n","protected":false},"excerpt":{"rendered":"<p>Usuarios de Twitter malinterpretan publicaci\u00f3n de la revista para caballeros.<\/p>\n","protected":false},"author":20,"featured_media":483341,"comment_status":"closed","ping_status":"closed","sticky":false,"template":"","format":"standard","meta":[],"categories":[5419],"tags":[5460,2033],"_links":{"self":[{"href":"http:\/\/desarrollo.grupomedios.com\/futbol\/wp-json\/wp\/v2\/posts\/483340"}],"collection":[{"href":"http:\/\/desarrollo.grupomedios.com\/futbol\/wp-json\/wp\/v2\/posts"}],"about":[{"href":"http:\/\/desarrollo.grupomedios.com\/futbol\/wp-json\/wp\/v2\/types\/post"}],"author":[{"embeddable":true,"href":"http:\/\/desarrollo.grupomedios.com\/futbol\/wp-json\/wp\/v2\/users\/20"}],"replies":[{"embeddable":true,"href":"http:\/\/desarrollo.grupomedios.com\/futbol\/wp-json\/wp\/v2\/comments?post=483340"}],"version-history":[{"count":1,"href":"http:\/\/desarrollo.grupomedios.com\/futbol\/wp-json\/wp\/v2\/posts\/483340\/revisions"}],"predecessor-version":[{"id":483344,"href":"http:\/\/desarrollo.grupomedios.com\/futbol\/wp-json\/wp\/v2\/posts\/483340\/revisions\/483344"}],"wp:featuredmedia":[{"embeddable":true,"href":"http:\/\/desarrollo.grupomedios.com\/futbol\/wp-json\/wp\/v2\/media\/483341"}],"wp:attachment":[{"href":"http:\/\/desarrollo.grupomedios.com\/futbol\/wp-json\/wp\/v2\/media?parent=483340"}],"wp:term":[{"taxonomy":"category","embeddable":true,"href":"http:\/\/desarrollo.grupomedios.com\/futbol\/wp-json\/wp\/v2\/categories?post=483340"},{"taxonomy":"post_tag","embeddable":true,"href":"http:\/\/desarrollo.grupomedios.com\/futbol\/wp-json\/wp\/v2\/tags?post=483340"}],"curies":[{"name":"wp","href":"https:\/\/api.w.org\/{rel}","templated":true}]}}