{"id":483355,"date":"2017-06-13T15:08:05","date_gmt":"2017-06-13T20:08:05","guid":{"rendered":"https:\/\/www.futboltotal.com.mx\/?p=483355"},"modified":"2017-06-13T15:08:05","modified_gmt":"2017-06-13T20:08:05","slug":"nadia-jemez-enciende-las-redes-con-beso-lesbico","status":"publish","type":"post","link":"http:\/\/desarrollo.grupomedios.com\/futbol\/cambio-de-juego\/nadia-jemez-enciende-las-redes-con-beso-lesbico\/2017\/06","title":{"rendered":"\u00a1Nadia J\u00e9mez enciende las redes con beso l\u00e9sbico!"},"content":{"rendered":"<p><strong>Nadia J\u00e9mez<\/strong>, hija de Paco J\u00e9mez, ha causado revuelo en redes sociales, por una fotograf\u00eda publicada en Instagram, donde aparece posando con una de sus amigas, como si se estuvieran besando. No es la primera vez que la heredera del director t\u00e9cnico de Cruz Azul, comparte una imagen, demostr\u00e1ndole su amor a una de sus c\u00f3mplices.<\/p>\n<p style=\"text-align: center;\"><span style=\"color: #3366ff;\"><a style=\"color: #3366ff;\" href=\"https:\/\/www.futboltotal.com.mx\/2017\/06\/virginia-ramirez-aparece-en-playboy\/\" target=\"_blank\" rel=\"noopener noreferrer\"><strong>VER M\u00c1S: Usuarios de Twitter dan por hecho que Virginia Ram\u00edrez aparecer\u00e1 en revista para caballeros<\/strong><\/a><\/span><\/p>\n<blockquote class=\"instagram-media\" style=\"background: #FFF; border: 0; border-radius: 3px; box-shadow: 0 0 1px 0 rgba(0,0,0,0.5),0 1px 10px 0 rgba(0,0,0,0.15); margin: 1px; max-width: 658px; padding: 0; width: calc(100% - 2px);\" data-instgrm-version=\"7\">\n<div style=\"padding: 8px;\">\n<div style=\"background: #F8F8F8; line-height: 0; margin-top: 40px; padding: 62.4537037037037% 0; text-align: center; width: 100%;\"><\/div>\n<p style=\"color: #c9c8cd; font-family: Arial,sans-serif; font-size: 14px; line-height: 17px; margin-bottom: 0; margin-top: 8px; overflow: hidden; padding: 8px 0 7px; text-align: center; text-overflow: ellipsis; white-space: nowrap;\"><a style=\"color: #c9c8cd; font-family: Arial,sans-serif; font-size: 14px; font-style: normal; font-weight: normal; line-height: 17px; text-decoration: none;\" href=\"https:\/\/www.instagram.com\/p\/BVM5fcUlCl3\/\" target=\"_blank\" rel=\"noopener noreferrer\">Una publicaci\u00f3n compartida de NADIA JEMEZ\u2122 (@nadiajemez)<\/a> el <time style=\"font-family: Arial,sans-serif; font-size: 14px; line-height: 17px;\" datetime=\"2017-06-11T13:48:46+00:00\">11 de Jun de 2017 a la(s) 6:48 PDT<\/time><\/p>\n<\/div>\n<\/blockquote>\n<p><script async defer src=\"\/\/platform.instagram.com\/en_US\/embeds.js\"><\/script><\/p>\n<p style=\"text-align: center;\"><span style=\"color: #3366ff;\"><a style=\"color: #3366ff;\" href=\"https:\/\/www.futboltotal.com.mx\/2017\/06\/antonella-lucio-escultural-figura-en-ibiza\/\" target=\"_blank\" rel=\"noopener noreferrer\"><strong>VER M\u00c1S: Novia de Messi acapara reflectores en Ibiza<\/strong><\/a><\/span><\/p>\n<blockquote class=\"instagram-media\" style=\"background: #FFF; border: 0; border-radius: 3px; box-shadow: 0 0 1px 0 rgba(0,0,0,0.5),0 1px 10px 0 rgba(0,0,0,0.15); margin: 1px; max-width: 658px; padding: 0; width: calc(100% - 2px);\" data-instgrm-captioned=\"\" data-instgrm-version=\"7\">\n<div style=\"padding: 8px;\">\n<div style=\"background: #F8F8F8; line-height: 0; margin-top: 40px; padding: 40.09259259259259% 0; text-align: center; width: 100%;\"><\/div>\n<p style=\"margin: 8px 0 0 0; padding: 0 4px;\"><a style=\"color: #000; font-family: Arial,sans-serif; font-size: 14px; font-style: normal; font-weight: normal; line-height: 17px; text-decoration: none; word-wrap: break-word;\" href=\"https:\/\/www.instagram.com\/p\/BUNI1l6Fp4P\/\" target=\"_blank\" rel=\"noopener noreferrer\">\u2764\u2764<\/a><\/p>\n<p style=\"color: #c9c8cd; font-family: Arial,sans-serif; font-size: 14px; line-height: 17px; margin-bottom: 0; margin-top: 8px; overflow: hidden; padding: 8px 0 7px; text-align: center; text-overflow: ellipsis; white-space: nowrap;\">Una publicaci\u00f3n compartida de NADIA JEMEZ\u2122 (@nadiajemez) el <time style=\"font-family: Arial,sans-serif; font-size: 14px; line-height: 17px;\" datetime=\"2017-05-17T19:31:29+00:00\">17 de May de 2017 a la(s) 12:31 PDT<\/time><\/p>\n<\/div>\n<\/blockquote>\n<p><script async defer src=\"\/\/platform.instagram.com\/en_US\/embeds.js\"><\/script><\/p>\n<p style=\"text-align: center;\"><span style=\"color: #3366ff;\"><a style=\"color: #3366ff;\" href=\"https:\/\/www.futboltotal.com.mx\/2017\/06\/pumas-recuerda-titulo-le-gano-a-chivas-13-anos\/\" target=\"_blank\" rel=\"noopener noreferrer\"><strong>VER M\u00c1S: Pumas manda recordatorio importante a Chivas<\/strong><\/a><\/span><\/p>\n","protected":false},"excerpt":{"rendered":"<p>La hija del estratega del Cruz Azul aparece en foto que genera revuelo.<\/p>\n","protected":false},"author":20,"featured_media":483360,"comment_status":"closed","ping_status":"closed","sticky":false,"template":"","format":"standard","meta":[],"categories":[5419,5422],"tags":[5460,2033],"_links":{"self":[{"href":"http:\/\/desarrollo.grupomedios.com\/futbol\/wp-json\/wp\/v2\/posts\/483355"}],"collection":[{"href":"http:\/\/desarrollo.grupomedios.com\/futbol\/wp-json\/wp\/v2\/posts"}],"about":[{"href":"http:\/\/desarrollo.grupomedios.com\/futbol\/wp-json\/wp\/v2\/types\/post"}],"author":[{"embeddable":true,"href":"http:\/\/desarrollo.grupomedios.com\/futbol\/wp-json\/wp\/v2\/users\/20"}],"replies":[{"embeddable":true,"href":"http:\/\/desarrollo.grupomedios.com\/futbol\/wp-json\/wp\/v2\/comments?post=483355"}],"version-history":[{"count":3,"href":"http:\/\/desarrollo.grupomedios.com\/futbol\/wp-json\/wp\/v2\/posts\/483355\/revisions"}],"predecessor-version":[{"id":483361,"href":"http:\/\/desarrollo.grupomedios.com\/futbol\/wp-json\/wp\/v2\/posts\/483355\/revisions\/483361"}],"wp:featuredmedia":[{"embeddable":true,"href":"http:\/\/desarrollo.grupomedios.com\/futbol\/wp-json\/wp\/v2\/media\/483360"}],"wp:attachment":[{"href":"http:\/\/desarrollo.grupomedios.com\/futbol\/wp-json\/wp\/v2\/media?parent=483355"}],"wp:term":[{"taxonomy":"category","embeddable":true,"href":"http:\/\/desarrollo.grupomedios.com\/futbol\/wp-json\/wp\/v2\/categories?post=483355"},{"taxonomy":"post_tag","embeddable":true,"href":"http:\/\/desarrollo.grupomedios.com\/futbol\/wp-json\/wp\/v2\/tags?post=483355"}],"curies":[{"name":"wp","href":"https:\/\/api.w.org\/{rel}","templated":true}]}}