{"id":483391,"date":"2017-06-13T18:01:32","date_gmt":"2017-06-13T23:01:32","guid":{"rendered":"https:\/\/www.futboltotal.com.mx\/?p=483391"},"modified":"2017-06-13T18:01:32","modified_gmt":"2017-06-13T23:01:32","slug":"facundo-erpen-podria-volver-al-atlas","status":"publish","type":"post","link":"http:\/\/desarrollo.grupomedios.com\/futbol\/futbol-mexicano\/facundo-erpen-podria-volver-al-atlas\/2017\/06","title":{"rendered":"Facundo Erpen cerca de volver al Atlas"},"content":{"rendered":"<p><strong>Facundo Erpen<\/strong> podr\u00eda volver a los <em>Rojinegros<\/em> del <a href=\"https:\/\/www.futboltotal.com.mx\/2017\/05\/milton-caraglio-nuevo-jugador-del-atlas\/\" target=\"_blank\" rel=\"noopener noreferrer\"><span style=\"color: #333399;\"><strong>Atlas<\/strong><\/span><\/a> para el<strong> Apertura 2017<\/strong>, ya que las negociaciones entre el club y el jugador van muy avanzadas, por lo que se espera que a m\u00e1s tardar el pr\u00f3ximo jueves se concrete el regreso del <strong>Erpen<\/strong> a los <em>Zorros<\/em>.<\/p>\n<p>El zaguero estuvo de visita en las instalaciones de los <em>Zorros<\/em> para dialogar con la directiva del conjunto tapat\u00edo y hablar sobre el tema econ\u00f3mico de su contrato. El jugador desea que su relaci\u00f3n contractual se resuelva lo antes posible para poder trabajar al parejo de sus compa\u00f1eros en la pretemporada, cuando la escuadra <em>Atlista<\/em> viaje a <strong>Mazatl\u00e1n<\/strong>, <strong>Sinaloa<\/strong>, para realizar trabajos de playa.<\/p>\n<p style=\"text-align: center;\">V<a href=\"https:\/\/www.futboltotal.com.mx\/2017\/06\/liga-mx-anuncio-calendario-oficial-del-apertura-2017\/\" target=\"_blank\" rel=\"noopener noreferrer\"><span style=\"color: #333399;\">ER M\u00c1S:\u00a0Liga MX anunci\u00f3 calendario oficial del Apertura 2017<\/span><\/a><\/p>\n<p>El defensor sigue perteneciendo a los <em>Rojinegros<\/em>, y tiene contrato con el club hasta 2018, luego de que <a href=\"https:\/\/www.futboltotal.com.mx\/2017\/05\/morelia-amarro-al-goleador-raul-ruidiaz-4-anos\/\" target=\"_blank\" rel=\"noopener noreferrer\"><span style=\"color: #333399;\"><strong>Monarcas Morelia<\/strong><\/span><\/a> no renovara el pr\u00e9stamo para la siguiente campa\u00f1a.<\/p>\n<p style=\"text-align: center;\"><a href=\"https:\/\/www.futboltotal.com.mx\/2017\/06\/cruz-azul-prepara-pretemporada-en-queretaro\/\" target=\"_blank\" rel=\"noopener noreferrer\"><span style=\"color: #333399;\">VER M\u00c1S:\u00a0Cruz Azul viajar\u00e1 a Quer\u00e9taro para realizar pretemporada<\/span><\/a><\/p>\n","protected":false},"excerpt":{"rendered":"<p>Erpen volver\u00eda al Jalisco para jugar con los Rojinegros<\/p>\n","protected":false},"author":20,"featured_media":483392,"comment_status":"closed","ping_status":"closed","sticky":false,"template":"","format":"standard","meta":[],"categories":[2198,3845],"tags":[8357,8984,424,784,5967,4976,1965,3154],"_links":{"self":[{"href":"http:\/\/desarrollo.grupomedios.com\/futbol\/wp-json\/wp\/v2\/posts\/483391"}],"collection":[{"href":"http:\/\/desarrollo.grupomedios.com\/futbol\/wp-json\/wp\/v2\/posts"}],"about":[{"href":"http:\/\/desarrollo.grupomedios.com\/futbol\/wp-json\/wp\/v2\/types\/post"}],"author":[{"embeddable":true,"href":"http:\/\/desarrollo.grupomedios.com\/futbol\/wp-json\/wp\/v2\/users\/20"}],"replies":[{"embeddable":true,"href":"http:\/\/desarrollo.grupomedios.com\/futbol\/wp-json\/wp\/v2\/comments?post=483391"}],"version-history":[{"count":1,"href":"http:\/\/desarrollo.grupomedios.com\/futbol\/wp-json\/wp\/v2\/posts\/483391\/revisions"}],"predecessor-version":[{"id":483393,"href":"http:\/\/desarrollo.grupomedios.com\/futbol\/wp-json\/wp\/v2\/posts\/483391\/revisions\/483393"}],"wp:featuredmedia":[{"embeddable":true,"href":"http:\/\/desarrollo.grupomedios.com\/futbol\/wp-json\/wp\/v2\/media\/483392"}],"wp:attachment":[{"href":"http:\/\/desarrollo.grupomedios.com\/futbol\/wp-json\/wp\/v2\/media?parent=483391"}],"wp:term":[{"taxonomy":"category","embeddable":true,"href":"http:\/\/desarrollo.grupomedios.com\/futbol\/wp-json\/wp\/v2\/categories?post=483391"},{"taxonomy":"post_tag","embeddable":true,"href":"http:\/\/desarrollo.grupomedios.com\/futbol\/wp-json\/wp\/v2\/tags?post=483391"}],"curies":[{"name":"wp","href":"https:\/\/api.w.org\/{rel}","templated":true}]}}