{"id":483429,"date":"2017-06-14T09:29:10","date_gmt":"2017-06-14T14:29:10","guid":{"rendered":"https:\/\/www.futboltotal.com.mx\/?p=483429"},"modified":"2017-06-14T09:29:10","modified_gmt":"2017-06-14T14:29:10","slug":"padre-marco-fabian-recomendo-a-salcedo-en-eintracht-frankfurt","status":"publish","type":"post","link":"http:\/\/desarrollo.grupomedios.com\/futbol\/futbol-internacional\/padre-marco-fabian-recomendo-a-salcedo-en-eintracht-frankfurt\/2017\/06","title":{"rendered":"Padre de Marco Fabi\u00e1n recomend\u00f3 a Salcedo en Eintracht Frankfurt"},"content":{"rendered":"<p><strong>Carlos Salcedo<\/strong> lleg\u00f3 a un acuerdo para jugar con el\u00a0<strong>Eintracht Frankfurt\u00a0<\/strong>y parece ser que el padre de <strong>Marco Fabi\u00e1n<\/strong> tuvo mucho que ver para consumar este fichaje.<\/p>\n<p><strong>Fabi\u00e1n V\u00e1zquez<\/strong> indic\u00f3 que la llegada de Salcedo se dio luego que lo recomendara con la directiva del conjunto alem\u00e1n, as\u00ed lo dijo en una entrevista para Marca Claro.<\/p>\n<p style=\"text-align: center;\"><span style=\"color: #333399;\"><a style=\"color: #333399;\" href=\"https:\/\/www.futboltotal.com.mx\/2017\/06\/palencia-revela-causas-salida-veron-pikolin\/\" target=\"_blank\" rel=\"noopener noreferrer\">VER M\u00c1S: \u00bfPor qu\u00e9 se fueron Pikol\u00edn y Ver\u00f3n de Pumas?<\/a><\/span><\/p>\n<blockquote><p>&#8220;Por ah\u00ed la recomendaci\u00f3n (su aporte), pero la negociaci\u00f3n ya fue por parte de su gente. S\u00e9 que vendr\u00e1 a reforzar al Eintracht y esto me llena de alegr\u00eda&#8221;,\u00a0indic\u00f3 el padre de Fabi\u00e1n.<\/p><\/blockquote>\n<p>Adem\u00e1s, revel\u00f3 que han recomendado a otro futbolista mexicano, del cual ya han hablado con la directiva del\u00a0<strong>Eintracht Frankfurt.<\/strong><\/p>\n<p>&nbsp;<\/p>\n<p>Finalmente, Fabi\u00e1n mencion\u00f3 que adem\u00e1s de <strong>Salcedo,<\/strong> hay otro jugador mexicano del que ha hablado a la directiva de las <strong>\u00c1guilas<\/strong>.<\/p>\n<p>&#8220;Hay un jugador que estamos recomendando de <strong>Santos<\/strong>, pero no queremos dar nombres par que no se estropee. Yo soy s\u00f3lo el puente de recomendaci\u00f3n y la gente de <strong>Alemania <\/strong>se pondr\u00e1 en contacto&#8221;, explic\u00f3.<\/p>\n<p style=\"text-align: center;\"><span style=\"color: #333399;\"><a style=\"color: #333399;\" href=\"https:\/\/www.futboltotal.com.mx\/2017\/06\/benfica-se-una-a-la-lista-de-novias-de-hirving-lozano\/\" target=\"_blank\" rel=\"noopener noreferrer\">VER M\u00c1S: Benfica, otro m\u00e1s que pregunta por Chucky Lozano<\/a><\/span><\/p>\n","protected":false},"excerpt":{"rendered":"<p>Tambi\u00e9n ha recomendado a un futbolista de Santos<\/p>\n","protected":false},"author":20,"featured_media":452059,"comment_status":"closed","ping_status":"closed","sticky":false,"template":"","format":"standard","meta":[],"categories":[3839],"tags":[5531,8482,131,5972],"_links":{"self":[{"href":"http:\/\/desarrollo.grupomedios.com\/futbol\/wp-json\/wp\/v2\/posts\/483429"}],"collection":[{"href":"http:\/\/desarrollo.grupomedios.com\/futbol\/wp-json\/wp\/v2\/posts"}],"about":[{"href":"http:\/\/desarrollo.grupomedios.com\/futbol\/wp-json\/wp\/v2\/types\/post"}],"author":[{"embeddable":true,"href":"http:\/\/desarrollo.grupomedios.com\/futbol\/wp-json\/wp\/v2\/users\/20"}],"replies":[{"embeddable":true,"href":"http:\/\/desarrollo.grupomedios.com\/futbol\/wp-json\/wp\/v2\/comments?post=483429"}],"version-history":[{"count":1,"href":"http:\/\/desarrollo.grupomedios.com\/futbol\/wp-json\/wp\/v2\/posts\/483429\/revisions"}],"predecessor-version":[{"id":483430,"href":"http:\/\/desarrollo.grupomedios.com\/futbol\/wp-json\/wp\/v2\/posts\/483429\/revisions\/483430"}],"wp:featuredmedia":[{"embeddable":true,"href":"http:\/\/desarrollo.grupomedios.com\/futbol\/wp-json\/wp\/v2\/media\/452059"}],"wp:attachment":[{"href":"http:\/\/desarrollo.grupomedios.com\/futbol\/wp-json\/wp\/v2\/media?parent=483429"}],"wp:term":[{"taxonomy":"category","embeddable":true,"href":"http:\/\/desarrollo.grupomedios.com\/futbol\/wp-json\/wp\/v2\/categories?post=483429"},{"taxonomy":"post_tag","embeddable":true,"href":"http:\/\/desarrollo.grupomedios.com\/futbol\/wp-json\/wp\/v2\/tags?post=483429"}],"curies":[{"name":"wp","href":"https:\/\/api.w.org\/{rel}","templated":true}]}}