{"id":483432,"date":"2017-06-14T10:08:52","date_gmt":"2017-06-14T15:08:52","guid":{"rendered":"https:\/\/www.futboltotal.com.mx\/?p=483432"},"modified":"2017-06-14T10:08:52","modified_gmt":"2017-06-14T15:08:52","slug":"real-madrid-presenta-sus-uniformes-la-temporada-2017-2018","status":"publish","type":"post","link":"http:\/\/desarrollo.grupomedios.com\/futbol\/futbol-internacional\/real-madrid-presenta-sus-uniformes-la-temporada-2017-2018\/2017\/06","title":{"rendered":"Real Madrid presenta sus uniformes para la temporada 2017-2018"},"content":{"rendered":"<p class=\"m_-147201627256871322MsoPlainText\"><span lang=\"ES\"><strong>adidas Football<\/strong> y el <strong>Real Madrid<\/strong> revelaron los nuevos <strong>uniformes<\/strong> del club para la temporada 2017\/18, inspirados en los fieles aficionados del club \u2013 los Madridistas \u2013 y la ciudad de Madrid.<\/span><\/p>\n<p class=\"m_-147201627256871322MsoPlainText\"><span lang=\"ES\">El nuevo <strong>uniforme de local<\/strong> est\u00e1 dise\u00f1ado para unir a\u00fan m\u00e1s a los jugadores y aficionados del <strong>Real<\/strong> <strong>Madrid<\/strong>, lanzando una playera tan apropiada para las calles de Madrid como para el <strong>Santiago<\/strong> <strong>Bernab\u00e9u<\/strong>. La introducci\u00f3n del color azul cielo en las franjas y detalles de marca est\u00e1n inspirados en el cielo de Madrid para representar la conexi\u00f3n entre el club y la ciudad.<\/span><\/p>\n<p class=\"m_-147201627256871322MsoPlainText\" style=\"text-align: center;\"><a href=\"https:\/\/www.futboltotal.com.mx\/2017\/06\/jesse-gonzalez-promesa-del-futbol-indeciso-jugar-mexico-estados-unidos\/\" target=\"_blank\" rel=\"noopener noreferrer\"><span style=\"color: #333399;\">VER M\u00c1S: Promesa del futbol, indeciso entre jugar para M\u00e9xico y Estados Unidos<\/span><\/a><\/p>\n<p class=\"m_-147201627256871322MsoPlainText\"><a href=\"https:\/\/www.futboltotal.com.mx\/wp-content\/uploads\/2017\/06\/Real-Madrid-Uniforme-2017-2018-4.jpg\"><img decoding=\"async\" loading=\"lazy\" class=\"aligncenter size-large wp-image-483436\" src=\"https:\/\/www.futboltotal.com.mx\/wp-content\/uploads\/2017\/06\/Real-Madrid-Uniforme-2017-2018-4-1024x576.jpg\" alt=\"Real Madrid presenta sus uniformes para la temporada 2017-2018 0\" srcset=\"http:\/\/desarrollo.grupomedios.com\/futbol\/wp-content\/uploads\/2017\/06\/Real-Madrid-Uniforme-2017-2018-4-1024x576.jpg 1024w, http:\/\/desarrollo.grupomedios.com\/futbol\/wp-content\/uploads\/2017\/06\/Real-Madrid-Uniforme-2017-2018-4-300x169.jpg 300w, http:\/\/desarrollo.grupomedios.com\/futbol\/wp-content\/uploads\/2017\/06\/Real-Madrid-Uniforme-2017-2018-4-768x432.jpg 768w, http:\/\/desarrollo.grupomedios.com\/futbol\/wp-content\/uploads\/2017\/06\/Real-Madrid-Uniforme-2017-2018-4-317x178.jpg 317w, http:\/\/desarrollo.grupomedios.com\/futbol\/wp-content\/uploads\/2017\/06\/Real-Madrid-Uniforme-2017-2018-4-535x301.jpg 535w, http:\/\/desarrollo.grupomedios.com\/futbol\/wp-content\/uploads\/2017\/06\/Real-Madrid-Uniforme-2017-2018-4-374x210.jpg 374w, http:\/\/desarrollo.grupomedios.com\/futbol\/wp-content\/uploads\/2017\/06\/Real-Madrid-Uniforme-2017-2018-4.jpg 1136w\" sizes=\"(max-width: 1024px) 100vw, 1024px\" \/><\/a><\/p>\n<p class=\"m_-147201627256871322MsoPlainText\"><span lang=\"ES\">El cl\u00e1sico color blanco del <strong>Real<\/strong> <strong>Madrid<\/strong> es m\u00e1s prominente que nunca gracias a un nuevo dise\u00f1o de franjas que se corta en los hombros. Un sello conmemorativo en la parte inferior de la camiseta celebra el aniversario 155 del club.<\/span><\/p>\n<p class=\"m_-147201627256871322MsoPlainText\"><a href=\"https:\/\/www.futboltotal.com.mx\/wp-content\/uploads\/2017\/06\/Real-Madrid-Uniforme-2017-2018.jpg\"><img decoding=\"async\" loading=\"lazy\" class=\"aligncenter size-large wp-image-483438\" src=\"https:\/\/www.futboltotal.com.mx\/wp-content\/uploads\/2017\/06\/Real-Madrid-Uniforme-2017-2018-1024x576.jpg\" alt=\"Real Madrid presenta sus uniformes para la temporada 2017-2018 1\" srcset=\"http:\/\/desarrollo.grupomedios.com\/futbol\/wp-content\/uploads\/2017\/06\/Real-Madrid-Uniforme-2017-2018-1024x576.jpg 1024w, http:\/\/desarrollo.grupomedios.com\/futbol\/wp-content\/uploads\/2017\/06\/Real-Madrid-Uniforme-2017-2018-300x169.jpg 300w, http:\/\/desarrollo.grupomedios.com\/futbol\/wp-content\/uploads\/2017\/06\/Real-Madrid-Uniforme-2017-2018-768x432.jpg 768w, http:\/\/desarrollo.grupomedios.com\/futbol\/wp-content\/uploads\/2017\/06\/Real-Madrid-Uniforme-2017-2018-317x178.jpg 317w, http:\/\/desarrollo.grupomedios.com\/futbol\/wp-content\/uploads\/2017\/06\/Real-Madrid-Uniforme-2017-2018-535x301.jpg 535w, http:\/\/desarrollo.grupomedios.com\/futbol\/wp-content\/uploads\/2017\/06\/Real-Madrid-Uniforme-2017-2018-374x210.jpg 374w, http:\/\/desarrollo.grupomedios.com\/futbol\/wp-content\/uploads\/2017\/06\/Real-Madrid-Uniforme-2017-2018.jpg 1136w\" sizes=\"(max-width: 1024px) 100vw, 1024px\" \/><\/a><\/p>\n<p class=\"m_-147201627256871322MsoPlainText\"><span lang=\"ES\">El nuevo uniforme de visitante se inspira en las anteriores camisetas negras del <strong>Madrid<\/strong> usadas por el club en algunos de sus momentos m\u00e1s exitosos. El uniforme sigue la tem\u00e1tica del uniforme local con un nuevo corte de color \u2013 esta vez, con franjas color verde turquesa. El logo del <strong>Real<\/strong> <strong>Madrid<\/strong> es reinventado en verde turquesa con un efecto ne\u00f3n para sobresalir contra el negro.<\/span><\/p>\n<p class=\"m_-147201627256871322MsoPlainText\"><a href=\"https:\/\/www.futboltotal.com.mx\/wp-content\/uploads\/2017\/06\/Real-Madrid-Uniforme-2017-2018-1.jpg\"><img decoding=\"async\" loading=\"lazy\" class=\"aligncenter size-large wp-image-483440\" src=\"https:\/\/www.futboltotal.com.mx\/wp-content\/uploads\/2017\/06\/Real-Madrid-Uniforme-2017-2018-1-1024x576.jpg\" alt=\"Real Madrid presenta sus uniformes para la temporada 2017-2018 2\" srcset=\"http:\/\/desarrollo.grupomedios.com\/futbol\/wp-content\/uploads\/2017\/06\/Real-Madrid-Uniforme-2017-2018-1-1024x576.jpg 1024w, http:\/\/desarrollo.grupomedios.com\/futbol\/wp-content\/uploads\/2017\/06\/Real-Madrid-Uniforme-2017-2018-1-300x169.jpg 300w, http:\/\/desarrollo.grupomedios.com\/futbol\/wp-content\/uploads\/2017\/06\/Real-Madrid-Uniforme-2017-2018-1-768x432.jpg 768w, http:\/\/desarrollo.grupomedios.com\/futbol\/wp-content\/uploads\/2017\/06\/Real-Madrid-Uniforme-2017-2018-1-317x178.jpg 317w, http:\/\/desarrollo.grupomedios.com\/futbol\/wp-content\/uploads\/2017\/06\/Real-Madrid-Uniforme-2017-2018-1-535x301.jpg 535w, http:\/\/desarrollo.grupomedios.com\/futbol\/wp-content\/uploads\/2017\/06\/Real-Madrid-Uniforme-2017-2018-1-374x210.jpg 374w, http:\/\/desarrollo.grupomedios.com\/futbol\/wp-content\/uploads\/2017\/06\/Real-Madrid-Uniforme-2017-2018-1.jpg 1136w\" sizes=\"(max-width: 1024px) 100vw, 1024px\" \/><\/a>As\u00ed como el nuevo y audaz dise\u00f1o, cada jersey est\u00e1 construida con lo \u00faltimo en tecnolog\u00eda de desempe\u00f1o de <strong>adidas<\/strong>.<\/p>\n<p class=\"m_-147201627256871322MsoPlainText\"><a href=\"https:\/\/www.futboltotal.com.mx\/wp-content\/uploads\/2017\/06\/Real-Madrid-Uniforme-2017-2018-5.jpg\"><img decoding=\"async\" loading=\"lazy\" class=\"aligncenter size-large wp-image-483441\" src=\"https:\/\/www.futboltotal.com.mx\/wp-content\/uploads\/2017\/06\/Real-Madrid-Uniforme-2017-2018-5-1024x576.jpg\" alt=\"Real Madrid presenta sus uniformes para la temporada 2017-2018 3\" srcset=\"http:\/\/desarrollo.grupomedios.com\/futbol\/wp-content\/uploads\/2017\/06\/Real-Madrid-Uniforme-2017-2018-5-1024x576.jpg 1024w, http:\/\/desarrollo.grupomedios.com\/futbol\/wp-content\/uploads\/2017\/06\/Real-Madrid-Uniforme-2017-2018-5-300x169.jpg 300w, http:\/\/desarrollo.grupomedios.com\/futbol\/wp-content\/uploads\/2017\/06\/Real-Madrid-Uniforme-2017-2018-5-768x432.jpg 768w, http:\/\/desarrollo.grupomedios.com\/futbol\/wp-content\/uploads\/2017\/06\/Real-Madrid-Uniforme-2017-2018-5-317x178.jpg 317w, http:\/\/desarrollo.grupomedios.com\/futbol\/wp-content\/uploads\/2017\/06\/Real-Madrid-Uniforme-2017-2018-5-535x301.jpg 535w, http:\/\/desarrollo.grupomedios.com\/futbol\/wp-content\/uploads\/2017\/06\/Real-Madrid-Uniforme-2017-2018-5-374x210.jpg 374w, http:\/\/desarrollo.grupomedios.com\/futbol\/wp-content\/uploads\/2017\/06\/Real-Madrid-Uniforme-2017-2018-5.jpg 1136w\" sizes=\"(max-width: 1024px) 100vw, 1024px\" \/><\/a><\/p>\n<p class=\"m_-147201627256871322MsoPlainText\">El uso de la tecnolog\u00eda <strong>Climacool<\/strong> asegura que los jugadores se mantengan frescos y se desempe\u00f1en de la mejor manera, incluso en las condiciones m\u00e1s dif\u00edciles. El uniforme est\u00e1 hecho con una nueva tela que es m\u00e1s suave y m\u00e1s c\u00f3moda para los jugadores en la cancha y para la afici\u00f3n fuera de ella.<\/p>\n<p><iframe loading=\"lazy\" src=\"https:\/\/www.youtube.com\/embed\/F51xQxueD4M\" frameborder=\"0\" allowfullscreen=\"allowfullscreen\"><\/iframe><\/p>\n<p class=\"m_-147201627256871322MsoPlainText\">\n","protected":false},"excerpt":{"rendered":"<p>adidas Football y el Real Madrid revelaron las nuevas pieles madridistas.<\/p>\n","protected":false},"author":20,"featured_media":483435,"comment_status":"closed","ping_status":"closed","sticky":false,"template":"","format":"standard","meta":[],"categories":[5419,3839,3844],"tags":[8992,1560,5988,3039],"_links":{"self":[{"href":"http:\/\/desarrollo.grupomedios.com\/futbol\/wp-json\/wp\/v2\/posts\/483432"}],"collection":[{"href":"http:\/\/desarrollo.grupomedios.com\/futbol\/wp-json\/wp\/v2\/posts"}],"about":[{"href":"http:\/\/desarrollo.grupomedios.com\/futbol\/wp-json\/wp\/v2\/types\/post"}],"author":[{"embeddable":true,"href":"http:\/\/desarrollo.grupomedios.com\/futbol\/wp-json\/wp\/v2\/users\/20"}],"replies":[{"embeddable":true,"href":"http:\/\/desarrollo.grupomedios.com\/futbol\/wp-json\/wp\/v2\/comments?post=483432"}],"version-history":[{"count":1,"href":"http:\/\/desarrollo.grupomedios.com\/futbol\/wp-json\/wp\/v2\/posts\/483432\/revisions"}],"predecessor-version":[{"id":483442,"href":"http:\/\/desarrollo.grupomedios.com\/futbol\/wp-json\/wp\/v2\/posts\/483432\/revisions\/483442"}],"wp:featuredmedia":[{"embeddable":true,"href":"http:\/\/desarrollo.grupomedios.com\/futbol\/wp-json\/wp\/v2\/media\/483435"}],"wp:attachment":[{"href":"http:\/\/desarrollo.grupomedios.com\/futbol\/wp-json\/wp\/v2\/media?parent=483432"}],"wp:term":[{"taxonomy":"category","embeddable":true,"href":"http:\/\/desarrollo.grupomedios.com\/futbol\/wp-json\/wp\/v2\/categories?post=483432"},{"taxonomy":"post_tag","embeddable":true,"href":"http:\/\/desarrollo.grupomedios.com\/futbol\/wp-json\/wp\/v2\/tags?post=483432"}],"curies":[{"name":"wp","href":"https:\/\/api.w.org\/{rel}","templated":true}]}}