{"id":483450,"date":"2017-06-14T11:07:58","date_gmt":"2017-06-14T16:07:58","guid":{"rendered":"https:\/\/www.futboltotal.com.mx\/?p=483450"},"modified":"2017-06-14T11:07:58","modified_gmt":"2017-06-14T16:07:58","slug":"aficion-rayados-esta-molesta-convoca-a-marcha-contra-club","status":"publish","type":"post","link":"http:\/\/desarrollo.grupomedios.com\/futbol\/futbol-mexicano\/aficion-rayados-esta-molesta-convoca-a-marcha-contra-club\/2017\/06","title":{"rendered":"Afici\u00f3n de Rayados est\u00e1 molesta; convoca a marcha contra el club"},"content":{"rendered":"<p>Los aficionados de <strong>Rayados<\/strong> no est\u00e1n nada contentos, por lo que convocaron a una manifestaci\u00f3n en contra del equipo, esto debido al aumento en los precios de los abonos, las malas decisiones en la directiva, falta de refuerzos de primer nivel y la &#8220;pobreza&#8221; en logros deportivos.<\/p>\n<p style=\"text-align: center;\"><span style=\"color: #333399;\"><a style=\"color: #333399;\" href=\"https:\/\/www.futboltotal.com.mx\/2017\/06\/piris-se-rehusa-a-salir-rayados\/\" target=\"_blank\" rel=\"noopener noreferrer\">VER M\u00c1S: Piris se niega a dejar Rayados por Le\u00f3n<\/a><\/span><\/p>\n<p>La manifestaci\u00f3n se llevar\u00e1 a cabo el pr\u00f3ximo s\u00e1bado <strong>17 de junio<\/strong> a las 16:00 \u00a0horas, y tendr\u00e1 como punto de inicio la\u00a0estaci\u00f3n del <strong>Metro Expo Guadalupe<\/strong>. En el flyer se puede ver que convocan para que las personas se presenten\u00a0con carteles y mantas que tengan frases de protesta.<\/p>\n<p><strong>Rayados<\/strong> de <strong>Monterrey<\/strong> no gana u t\u00edtulo desde el <strong>Apertura 2010<\/strong>, a pesar de sus grandes inversiones. Han llegado a las finales del\u00a0Clausura 2012 y del Clausura 2016 sin el \u00e9xito esperado.<\/p>\n<p><a href=\"https:\/\/www.futboltotal.com.mx\/wp-content\/uploads\/2017\/06\/protesta-Rayados.jpg\"><img decoding=\"async\" loading=\"lazy\" class=\"alignnone size-full wp-image-483456\" src=\"https:\/\/www.futboltotal.com.mx\/wp-content\/uploads\/2017\/06\/protesta-Rayados.jpg\" alt=\"Afici\u00f3n de Rayados est\u00e1 molesta; convoca a marcha contra el club 0\" srcset=\"http:\/\/desarrollo.grupomedios.com\/futbol\/wp-content\/uploads\/2017\/06\/protesta-Rayados.jpg 825w, http:\/\/desarrollo.grupomedios.com\/futbol\/wp-content\/uploads\/2017\/06\/protesta-Rayados-206x300.jpg 206w, http:\/\/desarrollo.grupomedios.com\/futbol\/wp-content\/uploads\/2017\/06\/protesta-Rayados-768x1117.jpg 768w, http:\/\/desarrollo.grupomedios.com\/futbol\/wp-content\/uploads\/2017\/06\/protesta-Rayados-704x1024.jpg 704w\" sizes=\"(max-width: 825px) 100vw, 825px\" \/><\/a><\/p>\n<p style=\"text-align: center;\"><span style=\"color: #333399;\"><a style=\"color: #333399;\" href=\"https:\/\/www.futboltotal.com.mx\/2017\/06\/zlatan-se-uniria-a-las-filas-del-galaxy-de-la-mls\/\" target=\"_blank\" rel=\"noopener noreferrer\">VER M\u00c1S: Zlatan, muy cerca de la MLS<\/a><\/span><\/p>\n<p>&nbsp;<\/p>\n","protected":false},"excerpt":{"rendered":"<p>El conjunto regiomontano no gana un t\u00edtulo de Liga desde el Apertura 2010<\/p>\n","protected":false},"author":20,"featured_media":447943,"comment_status":"closed","ping_status":"closed","sticky":false,"template":"","format":"standard","meta":[],"categories":[2198,3845],"tags":[2199,64,5966,497],"_links":{"self":[{"href":"http:\/\/desarrollo.grupomedios.com\/futbol\/wp-json\/wp\/v2\/posts\/483450"}],"collection":[{"href":"http:\/\/desarrollo.grupomedios.com\/futbol\/wp-json\/wp\/v2\/posts"}],"about":[{"href":"http:\/\/desarrollo.grupomedios.com\/futbol\/wp-json\/wp\/v2\/types\/post"}],"author":[{"embeddable":true,"href":"http:\/\/desarrollo.grupomedios.com\/futbol\/wp-json\/wp\/v2\/users\/20"}],"replies":[{"embeddable":true,"href":"http:\/\/desarrollo.grupomedios.com\/futbol\/wp-json\/wp\/v2\/comments?post=483450"}],"version-history":[{"count":1,"href":"http:\/\/desarrollo.grupomedios.com\/futbol\/wp-json\/wp\/v2\/posts\/483450\/revisions"}],"predecessor-version":[{"id":483457,"href":"http:\/\/desarrollo.grupomedios.com\/futbol\/wp-json\/wp\/v2\/posts\/483450\/revisions\/483457"}],"wp:featuredmedia":[{"embeddable":true,"href":"http:\/\/desarrollo.grupomedios.com\/futbol\/wp-json\/wp\/v2\/media\/447943"}],"wp:attachment":[{"href":"http:\/\/desarrollo.grupomedios.com\/futbol\/wp-json\/wp\/v2\/media?parent=483450"}],"wp:term":[{"taxonomy":"category","embeddable":true,"href":"http:\/\/desarrollo.grupomedios.com\/futbol\/wp-json\/wp\/v2\/categories?post=483450"},{"taxonomy":"post_tag","embeddable":true,"href":"http:\/\/desarrollo.grupomedios.com\/futbol\/wp-json\/wp\/v2\/tags?post=483450"}],"curies":[{"name":"wp","href":"https:\/\/api.w.org\/{rel}","templated":true}]}}