{"id":483462,"date":"2017-06-14T11:40:37","date_gmt":"2017-06-14T16:40:37","guid":{"rendered":"https:\/\/www.futboltotal.com.mx\/?p=483462"},"modified":"2017-06-14T11:41:58","modified_gmt":"2017-06-14T16:41:58","slug":"en-cardiff-me-plantee-dejar-al-juventus-massimiliano-allegri","status":"publish","type":"post","link":"http:\/\/desarrollo.grupomedios.com\/futbol\/futbol-internacional\/en-cardiff-me-plantee-dejar-al-juventus-massimiliano-allegri\/2017\/06","title":{"rendered":"En Cardiff me plante\u00e9 dejar a la Juventus: Massimiliano Allegri"},"content":{"rendered":"<p>El t\u00e9cnico del <strong>Juventus<\/strong> Tur\u00edn, <strong>Massimiliano Allegri<\/strong>, dijo este mi\u00e9rcoles que <strong>&#8220;durante algunas horas&#8221;<\/strong> se plante\u00f3 dejar al club turin\u00e9s tras perder la final de la Champions League\u00a0contra el <strong>Real Madrid<\/strong> en <strong>Cardiff<\/strong>, Gales el pasado 3 de junio.<\/p>\n<p>&#8220;En Cardiff me plante\u00e9 <strong>dejar<\/strong> al <strong>Juventus<\/strong> durante algunas horas. Ten\u00eda que centrarme en lo que sent\u00eda para volver a empezar de la mejor manera&#8221;, asegur\u00f3 <strong>Allegri<\/strong> en una entrevista con la televisi\u00f3n italiana <em>Sky Sport<\/em>.<\/p>\n<p style=\"text-align: left;\"><span style=\"color: #333399;\"><a style=\"color: #333399;\" href=\"https:\/\/www.futboltotal.com.mx\/2017\/06\/juventus-presento-su-nueva-piel\/\" target=\"_blank\" rel=\"noopener noreferrer\">VER M\u00c1S: Este es el nuevo uniforme de la Juve<\/a><\/span><\/p>\n<p>Once d\u00edas despu\u00e9s de la final del Millennium Stadium, en la que el <strong>Real Madrid<\/strong> gan\u00f3 4-1 y conquist\u00f3 su duod\u00e9cima <strong>Champions League<\/strong>, <strong>Allegri<\/strong> consider\u00f3 que hay que sacar las cosas positivas de la reci\u00e9n terminada temporada.<\/p>\n<p>&#8220;En la primera mitad hemos jugado bien, pero en la segunda nos dominaron y ganaron con m\u00e9rito. Entiendo la decepci\u00f3n por haber perdido dos finales en tres a\u00f1os, pero tambi\u00e9n hay que ver lo positivo, como los seis t\u00edtulos ligueros seguidos&#8221;, asegur\u00f3.<\/p>\n<p>El entrenador toscano explic\u00f3 que se reuni\u00f3 con el <strong>Juventus<\/strong> y que decidi\u00f3 seguir y mejorar la plantilla para intentar prolongar su ciclo exitoso.<\/p>\n<p>&#8220;Con la sociedad hemos decidido seguir juntos y tratar de mejorar desde el punto de vista del juego. El objetivo principal ser\u00e1 la <strong>liga italiana<\/strong>, luego la <strong>Copa Italia<\/strong> y la <strong>Champions League<\/strong>. Queremos volver a estar entre los mejores ocho de Europa&#8221;, explic\u00f3.<\/p>\n<p style=\"text-align: left;\"><span style=\"color: #333399;\"><a style=\"color: #333399;\" href=\"https:\/\/www.futboltotal.com.mx\/2017\/06\/juventus-ya-tendria-listo-al-sucesor-de-buffon\/\" target=\"_blank\" rel=\"noopener noreferrer\">VER M\u00c1S: Juventus ya prepara al sucesor de Buffon<\/a><\/span><\/p>\n<p>Allegri dijo que seguir\u00e1 planeando un 4-2-3-1 y que su club necesitar\u00e1 trabajar en el mercado para <strong>reforzar su delantera<\/strong>.<\/p>\n<p>&#8220;Hay que seguir con el 4-2-3-1, a ver lo que pasar\u00e1. De momento estamos bien a nivel num\u00e9rico, a parte en la delantera. El club trabaja bien y tomar\u00e1n decisiones de la mejor manera&#8221;, asegur\u00f3.<\/p>\n<p>Preguntado sobre un posible inter\u00e9s de su club por el extremo brasile\u00f1o del <strong>Bayern M\u00fanich Douglas Costa<\/strong>, el entrenador se limit\u00f3 en decir que es &#8220;muy bueno&#8221;, sin dar particulares informaciones sobre la eventual negociaci\u00f3n.<\/p>\n<p style=\"text-align: center;\"><span style=\"color: #333399;\"><a style=\"color: #333399;\" href=\"https:\/\/www.futboltotal.com.mx\/2017\/06\/zlatan-se-uniria-a-las-filas-del-galaxy-de-la-mls\/\" target=\"_blank\" rel=\"noopener noreferrer\">VER M\u00c1S: Zlatan apunta a la MLS<\/a><\/span><\/p>\n<p>&nbsp;<\/p>\n","protected":false},"excerpt":{"rendered":"<p>El estratega indic\u00f3 que para el siguiente torneo necesitar\u00e1 refuerzos en ataque<\/p>\n","protected":false},"author":20,"featured_media":479956,"comment_status":"closed","ping_status":"closed","sticky":false,"template":"","format":"standard","meta":[],"categories":[3839],"tags":[36,5999,960,5988,5958],"_links":{"self":[{"href":"http:\/\/desarrollo.grupomedios.com\/futbol\/wp-json\/wp\/v2\/posts\/483462"}],"collection":[{"href":"http:\/\/desarrollo.grupomedios.com\/futbol\/wp-json\/wp\/v2\/posts"}],"about":[{"href":"http:\/\/desarrollo.grupomedios.com\/futbol\/wp-json\/wp\/v2\/types\/post"}],"author":[{"embeddable":true,"href":"http:\/\/desarrollo.grupomedios.com\/futbol\/wp-json\/wp\/v2\/users\/20"}],"replies":[{"embeddable":true,"href":"http:\/\/desarrollo.grupomedios.com\/futbol\/wp-json\/wp\/v2\/comments?post=483462"}],"version-history":[{"count":3,"href":"http:\/\/desarrollo.grupomedios.com\/futbol\/wp-json\/wp\/v2\/posts\/483462\/revisions"}],"predecessor-version":[{"id":483465,"href":"http:\/\/desarrollo.grupomedios.com\/futbol\/wp-json\/wp\/v2\/posts\/483462\/revisions\/483465"}],"wp:featuredmedia":[{"embeddable":true,"href":"http:\/\/desarrollo.grupomedios.com\/futbol\/wp-json\/wp\/v2\/media\/479956"}],"wp:attachment":[{"href":"http:\/\/desarrollo.grupomedios.com\/futbol\/wp-json\/wp\/v2\/media?parent=483462"}],"wp:term":[{"taxonomy":"category","embeddable":true,"href":"http:\/\/desarrollo.grupomedios.com\/futbol\/wp-json\/wp\/v2\/categories?post=483462"},{"taxonomy":"post_tag","embeddable":true,"href":"http:\/\/desarrollo.grupomedios.com\/futbol\/wp-json\/wp\/v2\/tags?post=483462"}],"curies":[{"name":"wp","href":"https:\/\/api.w.org\/{rel}","templated":true}]}}