{"id":483486,"date":"2017-06-14T13:41:14","date_gmt":"2017-06-14T18:41:14","guid":{"rendered":"https:\/\/www.futboltotal.com.mx\/?p=483486"},"modified":"2017-06-14T16:34:08","modified_gmt":"2017-06-14T21:34:08","slug":"juegos-del-tri-en-confederaciones-en-peligro-grito-homofobico","status":"publish","type":"post","link":"http:\/\/desarrollo.grupomedios.com\/futbol\/destacado-home\/juegos-del-tri-en-confederaciones-en-peligro-grito-homofobico\/2017\/06","title":{"rendered":"Juegos del Tri en Confederaciones, en peligro por grito homof\u00f3bico"},"content":{"rendered":"<p>Existe un riesgo para el <strong>Tri<\/strong> en la <strong>Copa Confederaciones<\/strong>\u00a0de <strong>Rusia 2017<\/strong> y no se trata de los rivales a los que va a enfrentar en el torneo, sino por las medidas que ha implementado <strong>FIFA<\/strong>.<\/p>\n<p>Los duelos de la <strong>Selecci\u00f3n Mexicana<\/strong> podr\u00edan ser suspendidos de persistir el famoso grito de la afici\u00f3n, el (<strong>&#8216;eeehh puto&#8230;&#8217;<\/strong>), luego que la <strong>FIFA<\/strong> implementara un proceso de tres pasos para erradicar estos actos discriminatorios, los cuales se aplicar\u00e1n para esta <strong>Copa Confederaciones<\/strong>:<\/p>\n<p style=\"text-align: center;\"><span style=\"color: #333399;\"><a style=\"color: #333399;\" href=\"https:\/\/www.futboltotal.com.mx\/2017\/06\/mexico-llega-confiado-a-confederaciones-gracias-a-la-eliminatoria-rafael-marquez\/\" target=\"_blank\" rel=\"noopener noreferrer\">VER M\u00c1S: M\u00e9xico, confiado para Copa Confederaciones: Rafa M\u00e1rquez<\/a><\/span><\/p>\n<p>Primero se <strong>llamar\u00e1 la atenci\u00f3n<\/strong> de los aficionados a trav\u00e9s del sonido local cuando se detecte el pol\u00e9mico grito de la afici\u00f3n.<\/p>\n<p>El segundo consistir\u00e1 en <strong>detener el encuentro<\/strong> hasta que se detengan los insultos por parte de los aficionados.<\/p>\n<p>El tercero, de continuar los insultos por parte de los aficionados, el \u00e1rbitro podr\u00eda decidir <strong>abandonar el encuentro<\/strong>.<\/p>\n<p>Dentro de la <strong>Copa Confederaciones<\/strong> habr\u00e1 un grupo de observadores que se encargar\u00e1n de reportar cualquier tipo de acto discriminatorio.<\/p>\n<p style=\"text-align: center;\"><span style=\"color: #333399;\"><a style=\"color: #333399;\" href=\"https:\/\/www.futboltotal.com.mx\/2017\/06\/real-madrid-presenta-sus-uniformes-la-temporada-2017-2018\/\" target=\"_blank\" rel=\"noopener noreferrer\">VER M\u00c1S: La nueva camiseta del Real Madrid<\/a><\/span><\/p>\n<p>&nbsp;<\/p>\n<p>&nbsp;<\/p>\n<p>&nbsp;<\/p>\n","protected":false},"excerpt":{"rendered":"<p>FIFA busca eliminar cualquier manifestaci\u00f3n discriminatoria<\/p>\n","protected":false},"author":20,"featured_media":483493,"comment_status":"closed","ping_status":"closed","sticky":false,"template":"","format":"standard","meta":[],"categories":[5,2198,3847],"tags":[1580,361,65,8853],"_links":{"self":[{"href":"http:\/\/desarrollo.grupomedios.com\/futbol\/wp-json\/wp\/v2\/posts\/483486"}],"collection":[{"href":"http:\/\/desarrollo.grupomedios.com\/futbol\/wp-json\/wp\/v2\/posts"}],"about":[{"href":"http:\/\/desarrollo.grupomedios.com\/futbol\/wp-json\/wp\/v2\/types\/post"}],"author":[{"embeddable":true,"href":"http:\/\/desarrollo.grupomedios.com\/futbol\/wp-json\/wp\/v2\/users\/20"}],"replies":[{"embeddable":true,"href":"http:\/\/desarrollo.grupomedios.com\/futbol\/wp-json\/wp\/v2\/comments?post=483486"}],"version-history":[{"count":1,"href":"http:\/\/desarrollo.grupomedios.com\/futbol\/wp-json\/wp\/v2\/posts\/483486\/revisions"}],"predecessor-version":[{"id":483494,"href":"http:\/\/desarrollo.grupomedios.com\/futbol\/wp-json\/wp\/v2\/posts\/483486\/revisions\/483494"}],"wp:featuredmedia":[{"embeddable":true,"href":"http:\/\/desarrollo.grupomedios.com\/futbol\/wp-json\/wp\/v2\/media\/483493"}],"wp:attachment":[{"href":"http:\/\/desarrollo.grupomedios.com\/futbol\/wp-json\/wp\/v2\/media?parent=483486"}],"wp:term":[{"taxonomy":"category","embeddable":true,"href":"http:\/\/desarrollo.grupomedios.com\/futbol\/wp-json\/wp\/v2\/categories?post=483486"},{"taxonomy":"post_tag","embeddable":true,"href":"http:\/\/desarrollo.grupomedios.com\/futbol\/wp-json\/wp\/v2\/tags?post=483486"}],"curies":[{"name":"wp","href":"https:\/\/api.w.org\/{rel}","templated":true}]}}