{"id":483513,"date":"2017-06-14T14:45:05","date_gmt":"2017-06-14T19:45:05","guid":{"rendered":"https:\/\/www.futboltotal.com.mx\/?p=483513"},"modified":"2017-06-14T14:45:51","modified_gmt":"2017-06-14T19:45:51","slug":"se-escribe-guillermo-ochoa-marco-fabian-en-ruso","status":"publish","type":"post","link":"http:\/\/desarrollo.grupomedios.com\/futbol\/futbol-mexicano\/seleccion-mexicana\/se-escribe-guillermo-ochoa-marco-fabian-en-ruso\/2017\/06","title":{"rendered":"\u00bfC\u00f3mo se escribe Guillermo Ochoa y Marco Fabi\u00e1n en ruso?"},"content":{"rendered":"<p>La <strong>Selecci\u00f3n Mexicana<\/strong> lleg\u00f3 a tierras rusas para disputar la <strong>Copa Confederaciones<\/strong> y al poco tiempo de llegar ya experimentaron algunos de los cambios que se viven en el pa\u00eds europeo, por ejemplo, el idioma.<\/p>\n<p style=\"text-align: center;\"><span style=\"color: #333399;\"><a style=\"color: #333399;\" href=\"https:\/\/www.futboltotal.com.mx\/2017\/06\/hugo-sanchez-ataca-osorio-conmigo-tri-campeon-con-el-no\/\" target=\"_blank\" rel=\"noopener noreferrer\">VER M\u00c1S: Hugo S\u00e1nchez arremte contra Osorio<\/a><\/span><\/p>\n<p>Los seleccionados,\u00a0<b>Memo Ochoa<\/b> y <b>Marco Fabi\u00e1n\u00a0<\/b>compartieron a trav\u00e9s de <strong>Instagram<\/strong> sus acreditaciones oficiales para el torneo, con la peculiaridad de ver sus nombres en ruso.<\/p>\n<p><a href=\"https:\/\/www.futboltotal.com.mx\/wp-content\/uploads\/2017\/06\/marco-y-ochoa.jpg\"><img decoding=\"async\" loading=\"lazy\" class=\"alignnone size-full wp-image-483514\" src=\"https:\/\/www.futboltotal.com.mx\/wp-content\/uploads\/2017\/06\/marco-y-ochoa.jpg\" alt=\"\u00bfC\u00f3mo se escribe Guillermo Ochoa y Marco Fabi\u00e1n en ruso? 0\" srcset=\"http:\/\/desarrollo.grupomedios.com\/futbol\/wp-content\/uploads\/2017\/06\/marco-y-ochoa.jpg 850w, http:\/\/desarrollo.grupomedios.com\/futbol\/wp-content\/uploads\/2017\/06\/marco-y-ochoa-300x169.jpg 300w, http:\/\/desarrollo.grupomedios.com\/futbol\/wp-content\/uploads\/2017\/06\/marco-y-ochoa-768x434.jpg 768w, http:\/\/desarrollo.grupomedios.com\/futbol\/wp-content\/uploads\/2017\/06\/marco-y-ochoa-317x178.jpg 317w, http:\/\/desarrollo.grupomedios.com\/futbol\/wp-content\/uploads\/2017\/06\/marco-y-ochoa-535x301.jpg 535w, http:\/\/desarrollo.grupomedios.com\/futbol\/wp-content\/uploads\/2017\/06\/marco-y-ochoa-374x210.jpg 374w\" sizes=\"(max-width: 850px) 100vw, 850px\" \/><\/a><\/p>\n<p><strong>Guillermo Ochoa<\/strong> parece tener la titularidad asegurada, luego de aparecer en ambos duelos eliminatorios ante Honduras y Estados Unidos, mientras que <strong>Marco Fabi\u00e1n<\/strong> no parece ser contemplado en el once titular luego de ver acci\u00f3n en el duelo ante Estados Unidos y salir de cambio.<\/p>\n<p style=\"text-align: center;\"><span style=\"color: #333399;\"><a style=\"color: #333399;\" href=\"https:\/\/www.futboltotal.com.mx\/2017\/06\/barcelona-ofreceria-100-millones-marco-verratti\/\" target=\"_blank\" rel=\"noopener noreferrer\">VER M\u00c1S: Barcelona ofrece 100 millones de euros por Verratti<\/a><\/span><\/p>\n<p>&nbsp;<\/p>\n","protected":false},"excerpt":{"rendered":"<p>Los futbolistas del tricolor mostraron sus acreditaciones para la Copa Confederaciones<\/p>\n","protected":false},"author":20,"featured_media":471463,"comment_status":"closed","ping_status":"closed","sticky":false,"template":"","format":"standard","meta":[],"categories":[5419,3847],"tags":[1580,5991,131,8853],"_links":{"self":[{"href":"http:\/\/desarrollo.grupomedios.com\/futbol\/wp-json\/wp\/v2\/posts\/483513"}],"collection":[{"href":"http:\/\/desarrollo.grupomedios.com\/futbol\/wp-json\/wp\/v2\/posts"}],"about":[{"href":"http:\/\/desarrollo.grupomedios.com\/futbol\/wp-json\/wp\/v2\/types\/post"}],"author":[{"embeddable":true,"href":"http:\/\/desarrollo.grupomedios.com\/futbol\/wp-json\/wp\/v2\/users\/20"}],"replies":[{"embeddable":true,"href":"http:\/\/desarrollo.grupomedios.com\/futbol\/wp-json\/wp\/v2\/comments?post=483513"}],"version-history":[{"count":1,"href":"http:\/\/desarrollo.grupomedios.com\/futbol\/wp-json\/wp\/v2\/posts\/483513\/revisions"}],"predecessor-version":[{"id":483515,"href":"http:\/\/desarrollo.grupomedios.com\/futbol\/wp-json\/wp\/v2\/posts\/483513\/revisions\/483515"}],"wp:featuredmedia":[{"embeddable":true,"href":"http:\/\/desarrollo.grupomedios.com\/futbol\/wp-json\/wp\/v2\/media\/471463"}],"wp:attachment":[{"href":"http:\/\/desarrollo.grupomedios.com\/futbol\/wp-json\/wp\/v2\/media?parent=483513"}],"wp:term":[{"taxonomy":"category","embeddable":true,"href":"http:\/\/desarrollo.grupomedios.com\/futbol\/wp-json\/wp\/v2\/categories?post=483513"},{"taxonomy":"post_tag","embeddable":true,"href":"http:\/\/desarrollo.grupomedios.com\/futbol\/wp-json\/wp\/v2\/tags?post=483513"}],"curies":[{"name":"wp","href":"https:\/\/api.w.org\/{rel}","templated":true}]}}