{"id":483517,"date":"2017-06-14T15:11:59","date_gmt":"2017-06-14T20:11:59","guid":{"rendered":"https:\/\/www.futboltotal.com.mx\/?p=483517"},"modified":"2017-06-14T15:11:59","modified_gmt":"2017-06-14T20:11:59","slug":"kevin-de-bruyne-hizo-el-ridiculo","status":"publish","type":"post","link":"http:\/\/desarrollo.grupomedios.com\/futbol\/futbol-internacional\/kevin-de-bruyne-hizo-el-ridiculo\/2017\/06","title":{"rendered":"Kevin de Bruyne qued\u00f3 en rid\u00edculo en redes sociales"},"content":{"rendered":"<p>El jugador del <a href=\"https:\/\/www.futboltotal.com.mx\/2017\/06\/hirving-chucky-lozano-nuevo-jugador-del-manchester-city\/\" target=\"_blank\" rel=\"noopener noreferrer\"><span style=\"color: #333399;\"><strong>Manchester City<\/strong><\/span><\/a> y de la <strong>Selecci\u00f3n de B\u00e9lgica<\/strong>, <strong>Kevin de Bruyne<\/strong>, posee gran t\u00e9cnica con el bal\u00f3n en los pies, no por nada es un titular indiscutible en el esquema de <a href=\"https:\/\/www.futboltotal.com.mx\/2017\/06\/la-teoria-origen-del-universo-segun-pep-guardiola\/\" target=\"_blank\" rel=\"noopener noreferrer\"><span style=\"color: #333399;\"><strong>Pep Guardiola<\/strong><\/span><\/a>, sin embargo, en esta ocasi\u00f3n no pudo evitar quedar en rid\u00edculo.<\/p>\n<p>El futbolista belga acept\u00f3 el reto de un par de <em>Youtubers<\/em> que lo retaron a una tanda de tiros penales, desafortunadamente para el mediocampista de los <em>Citizens<\/em> no pudo evitar hacer el oso cuando un tiro de rabona termin\u00f3 impact\u00e1ndose en su rostro y se meti\u00f3 en la porter\u00eda.<\/p>\n<p style=\"text-align: center;\"><a href=\"https:\/\/www.futboltotal.com.mx\/2017\/06\/humberto-chupete-suazo-me-hablo-maravillas-rayados-carrizo\/\" target=\"_blank\" rel=\"noopener noreferrer\"><span style=\"color: #333399;\">VER M\u00c1S: Chupete Suazo me habl\u00f3 maravillas de Rayados: Carrizo<\/span><\/a><\/p>\n<p><strong>Leroy San\u00e9<\/strong> y <strong>Raheem Sterling<\/strong>, compa\u00f1eros del belga en el <em>City<\/em>, no pudieron contener la risa tras el golpazo que recibi\u00f3 de Bruyne.<\/p>\n<p style=\"text-align: center;\">\u00a0<a href=\"https:\/\/www.futboltotal.com.mx\/2017\/06\/fernando-torres-no-llegaria-a-la-ligamx\/\" target=\"_blank\" rel=\"noopener noreferrer\"><span style=\"color: #333399;\">VER M\u00c1S: Torres renovar\u00e1 con el Atl\u00e9ti y no vendr\u00e1 a Liga MX<\/span><\/a><\/p>\n<blockquote class=\"twitter-video\" data-lang=\"es\">\n<p dir=\"ltr\" lang=\"es\"><a href=\"https:\/\/twitter.com\/hashtag\/Martes13?src=hash\">#Martes13<\/a><\/p>\n<p>Kevin de Bruyne tuvo poca fortuna a la hora de ser arquero &#x1f602;&#x1f602;&#x1f602;<br \/>\n<a href=\"https:\/\/t.co\/8B5DjQmNQp\">pic.twitter.com\/8B5DjQmNQp<\/a><\/p>\n<p>\u2014 El CoEquipero (@ElCoequipero) <a href=\"https:\/\/twitter.com\/ElCoequipero\/status\/874694140122058753\">13 de junio de 2017<\/a><\/p><\/blockquote>\n<p><script async src=\"\/\/platform.twitter.com\/widgets.js\" charset=\"utf-8\"><\/script><\/p>\n","protected":false},"excerpt":{"rendered":"<p>\u00a1Se vale sobar De Bruyne!<\/p>\n","protected":false},"author":20,"featured_media":483518,"comment_status":"closed","ping_status":"closed","sticky":false,"template":"","format":"standard","meta":[],"categories":[5419,3839],"tags":[2510,5679,6647,5993,1791,8999,5760,9000,8998],"_links":{"self":[{"href":"http:\/\/desarrollo.grupomedios.com\/futbol\/wp-json\/wp\/v2\/posts\/483517"}],"collection":[{"href":"http:\/\/desarrollo.grupomedios.com\/futbol\/wp-json\/wp\/v2\/posts"}],"about":[{"href":"http:\/\/desarrollo.grupomedios.com\/futbol\/wp-json\/wp\/v2\/types\/post"}],"author":[{"embeddable":true,"href":"http:\/\/desarrollo.grupomedios.com\/futbol\/wp-json\/wp\/v2\/users\/20"}],"replies":[{"embeddable":true,"href":"http:\/\/desarrollo.grupomedios.com\/futbol\/wp-json\/wp\/v2\/comments?post=483517"}],"version-history":[{"count":1,"href":"http:\/\/desarrollo.grupomedios.com\/futbol\/wp-json\/wp\/v2\/posts\/483517\/revisions"}],"predecessor-version":[{"id":483519,"href":"http:\/\/desarrollo.grupomedios.com\/futbol\/wp-json\/wp\/v2\/posts\/483517\/revisions\/483519"}],"wp:featuredmedia":[{"embeddable":true,"href":"http:\/\/desarrollo.grupomedios.com\/futbol\/wp-json\/wp\/v2\/media\/483518"}],"wp:attachment":[{"href":"http:\/\/desarrollo.grupomedios.com\/futbol\/wp-json\/wp\/v2\/media?parent=483517"}],"wp:term":[{"taxonomy":"category","embeddable":true,"href":"http:\/\/desarrollo.grupomedios.com\/futbol\/wp-json\/wp\/v2\/categories?post=483517"},{"taxonomy":"post_tag","embeddable":true,"href":"http:\/\/desarrollo.grupomedios.com\/futbol\/wp-json\/wp\/v2\/tags?post=483517"}],"curies":[{"name":"wp","href":"https:\/\/api.w.org\/{rel}","templated":true}]}}