{"id":483556,"date":"2017-06-14T17:32:10","date_gmt":"2017-06-14T22:32:10","guid":{"rendered":"https:\/\/www.futboltotal.com.mx\/?p=483556"},"modified":"2017-06-14T17:32:10","modified_gmt":"2017-06-14T22:32:10","slug":"iniesta-no-ira-a-la-boda-de-messi-y-antonella","status":"publish","type":"post","link":"http:\/\/desarrollo.grupomedios.com\/futbol\/futbol-internacional\/iniesta-no-ira-a-la-boda-de-messi-y-antonella\/2017\/06","title":{"rendered":"La boda de Messi no contar\u00e1 con un jugador del Barcelona"},"content":{"rendered":"<p>El jugador argentino del <a href=\"https:\/\/www.futboltotal.com.mx\/2017\/06\/barcelona-ofreceria-100-millones-marco-verratti\/\" target=\"_blank\" rel=\"noopener noreferrer\"><span style=\"color: #333399;\"><strong>FC Barcelona<\/strong><\/span><\/a>, <a href=\"https:\/\/www.futboltotal.com.mx\/2017\/06\/messi-sorprendio-a-todos-con-su-rodilla-derecha\/\" target=\"_blank\" rel=\"noopener noreferrer\"><span style=\"color: #333399;\"><strong>Lionel Messi<\/strong><\/span><\/a>, contraer\u00e1 nupcias con su novia <a href=\"https:\/\/www.futboltotal.com.mx\/2017\/06\/antonella-lucio-escultural-figura-en-ibiza\/\" target=\"_blank\" rel=\"noopener noreferrer\"><span style=\"color: #333399;\"><strong>Antonella Roccuzzo<\/strong><\/span><\/a>, la uni\u00f3n se llevar\u00e1 a cabo el pr\u00f3ximo 30 de junio en el hotel casino <strong>City Center<\/strong> en <strong>Argentina<\/strong>, pero no todo es miel sobre hojuelas, ya que la pol\u00e9mica y los rumores se han hecho presentes.<\/p>\n<p>Se dio a conocer que el capit\u00e1n del conjunto cul\u00e9, <a href=\"https:\/\/www.futboltotal.com.mx\/2017\/03\/iniesta-comete-tremendo-error-al-publicar-hala-madrid\/\" target=\"_blank\" rel=\"noopener noreferrer\"><span style=\"color: #333399;\"><strong>Andr\u00e9s Iniesta<\/strong><\/span><\/a>, no asistir\u00eda al enlace matrimonial, las causas se desconocen, sin embargo, diversos medios espa\u00f1oles han se\u00f1alado que se debe a problemas personales.<\/p>\n<p style=\"text-align: center;\"><a href=\"https:\/\/www.futboltotal.com.mx\/2017\/06\/juegos-del-tri-en-confederaciones-en-peligro-grito-homofobico\/\" target=\"_blank\" rel=\"noopener noreferrer\"><span style=\"color: #333399;\">VER M\u00c1S:\u00a0Juegos del Tri en Confederaciones, en peligro por grito homof\u00f3bico<\/span><\/a><\/p>\n<p>Dicho rumor se suma al del central espa\u00f1ol, <strong><a href=\"https:\/\/www.futboltotal.com.mx\/2017\/05\/jugadores-del-madrid-pique-cabron-saluda-al-campeon\/\" target=\"_blank\" rel=\"noopener noreferrer\"><span style=\"color: #333399;\">Gerard Piqu\u00e9<\/span><\/a>,<\/strong> quien habr\u00eda declinado la invitaci\u00f3n de <em>La Pulga<\/em>, debido a los roces de <strong>Shakira<\/strong> con <strong>Antonella<\/strong>, caso similar el de <a href=\"https:\/\/www.futboltotal.com.mx\/2017\/06\/revelan-cuanto-pago-cristiano-ronaldo-por-sus-gemelos\/\" target=\"_blank\" rel=\"noopener noreferrer\"><span style=\"color: #333399;\"><strong>Cristiano Ronaldo<\/strong><\/span><\/a>, quien no podr\u00e1 asistir por sus compromisos con la<strong> Selecci\u00f3n de Portugal<\/strong> en <a href=\"https:\/\/www.futboltotal.com.mx\/2017\/06\/juegos-del-tri-en-confederaciones-en-peligro-grito-homofobico\/\" target=\"_blank\" rel=\"noopener noreferrer\"><span style=\"color: #333399;\"><strong>Copa Confederaciones<\/strong>.<\/span><\/a><\/p>\n<p style=\"text-align: center;\"><a href=\"https:\/\/www.futboltotal.com.mx\/2017\/06\/circulan-posibles-uniformes-chivas-local\/\" target=\"_blank\" rel=\"noopener noreferrer\"><span style=\"color: #333399;\">VER M\u00c1S:\u00a0Circulan posibles uniformes de Chivas como local<\/span><\/a><\/p>\n","protected":false},"excerpt":{"rendered":"<p>\u00bfHabr\u00e1 problemas entre los jugadores?<\/p>\n","protected":false},"author":20,"featured_media":483564,"comment_status":"closed","ping_status":"closed","sticky":false,"template":"","format":"standard","meta":[],"categories":[5419,3839],"tags":[3867,5996,5984,1580,6013,1083,6015,6012,3371,2005],"_links":{"self":[{"href":"http:\/\/desarrollo.grupomedios.com\/futbol\/wp-json\/wp\/v2\/posts\/483556"}],"collection":[{"href":"http:\/\/desarrollo.grupomedios.com\/futbol\/wp-json\/wp\/v2\/posts"}],"about":[{"href":"http:\/\/desarrollo.grupomedios.com\/futbol\/wp-json\/wp\/v2\/types\/post"}],"author":[{"embeddable":true,"href":"http:\/\/desarrollo.grupomedios.com\/futbol\/wp-json\/wp\/v2\/users\/20"}],"replies":[{"embeddable":true,"href":"http:\/\/desarrollo.grupomedios.com\/futbol\/wp-json\/wp\/v2\/comments?post=483556"}],"version-history":[{"count":1,"href":"http:\/\/desarrollo.grupomedios.com\/futbol\/wp-json\/wp\/v2\/posts\/483556\/revisions"}],"predecessor-version":[{"id":483565,"href":"http:\/\/desarrollo.grupomedios.com\/futbol\/wp-json\/wp\/v2\/posts\/483556\/revisions\/483565"}],"wp:featuredmedia":[{"embeddable":true,"href":"http:\/\/desarrollo.grupomedios.com\/futbol\/wp-json\/wp\/v2\/media\/483564"}],"wp:attachment":[{"href":"http:\/\/desarrollo.grupomedios.com\/futbol\/wp-json\/wp\/v2\/media?parent=483556"}],"wp:term":[{"taxonomy":"category","embeddable":true,"href":"http:\/\/desarrollo.grupomedios.com\/futbol\/wp-json\/wp\/v2\/categories?post=483556"},{"taxonomy":"post_tag","embeddable":true,"href":"http:\/\/desarrollo.grupomedios.com\/futbol\/wp-json\/wp\/v2\/tags?post=483556"}],"curies":[{"name":"wp","href":"https:\/\/api.w.org\/{rel}","templated":true}]}}