{"id":483577,"date":"2017-06-14T18:54:29","date_gmt":"2017-06-14T23:54:29","guid":{"rendered":"https:\/\/www.futboltotal.com.mx\/?p=483577"},"modified":"2017-06-14T18:54:29","modified_gmt":"2017-06-14T23:54:29","slug":"la-cifra-alarmante-eduardo-vargas","status":"publish","type":"post","link":"http:\/\/desarrollo.grupomedios.com\/futbol\/futbol-mexicano\/la-cifra-alarmante-eduardo-vargas\/2017\/06","title":{"rendered":"\u00a1La cifra alarmante de Eduardo Vargas!"},"content":{"rendered":"<p>El pasado martes 13 de junio, Chile se enfrent\u00f3 a Rumania en partido amistoso de preparaci\u00f3n rumbo a la Copa Confederaciones de Rusia 2017, donde se impuso por 3-2 al conjunto europeo. En el marcador se hizo presente el actual delantero de Tigres, <strong>Eduardo Vargas<\/strong>, quien se aproxima a una cuota goleadora muy contrastante para su carrera.<\/p>\n<p><strong>Eduardo Vargas<\/strong> lleg\u00f3 a su gol 33 con la selecci\u00f3n de Chile, una cifra alta y contundente para el atacante, pues desde 2011, a\u00f1o en que debut\u00f3 con <em>La Roja<\/em>, ha anotado constantemente; sin embargo, tambi\u00e9n desde esa fecha le sucede lo contrario a nivel de clubes, ya que lleva m\u00e1s partidos disputados y apenas ha anotado 35 tantos.<\/p>\n<p style=\"text-align: center;\"><span style=\"color: #3366ff;\"><a style=\"color: #3366ff;\" href=\"https:\/\/www.futboltotal.com.mx\/2017\/06\/juegos-del-tri-en-confederaciones-en-peligro-grito-homofobico\/\" target=\"_blank\" rel=\"noopener noreferrer\"><strong>VER M\u00c1S: Juegos del Tri en Confederaciones ser\u00edan suspendidos por grito homof\u00f3bico<\/strong><\/a><\/span><\/p>\n<p>El delantero de Tigres lleva casi el mismo n\u00famero de goles a nivel de clubes que en su selecci\u00f3n, en el mismo periodo, por lo que el promedio de efectividad es bastante bajo en su desempe\u00f1o com\u00fan, pero alto con el combinado nacional. Cabe destacar que con su actual club, <strong>Eduardo Vargas<\/strong>, lleva solo dos anotaciones, que hizo en la CONCACAF Champions League.<\/p>\n<p style=\"text-align: center;\"><span style=\"color: #3366ff;\"><a style=\"color: #3366ff;\" href=\"https:\/\/www.futboltotal.com.mx\/2017\/06\/ventilan-a-los-otros-refuerzos-miguel-herrera-america\/\" target=\"_blank\" rel=\"noopener noreferrer\"><strong>VER M\u00c1S: Ventilan los otros refuerzos de Miguel Herrera para Am\u00e9rica<\/strong><\/a><\/span><\/p>\n","protected":false},"excerpt":{"rendered":"<p>El chileno parece tener buen rendimiento, pero sus n\u00fameros lo contrastan.<\/p>\n","protected":false},"author":20,"featured_media":483578,"comment_status":"closed","ping_status":"closed","sticky":false,"template":"","format":"standard","meta":[],"categories":[3839,2198,3845],"tags":[406,5973],"_links":{"self":[{"href":"http:\/\/desarrollo.grupomedios.com\/futbol\/wp-json\/wp\/v2\/posts\/483577"}],"collection":[{"href":"http:\/\/desarrollo.grupomedios.com\/futbol\/wp-json\/wp\/v2\/posts"}],"about":[{"href":"http:\/\/desarrollo.grupomedios.com\/futbol\/wp-json\/wp\/v2\/types\/post"}],"author":[{"embeddable":true,"href":"http:\/\/desarrollo.grupomedios.com\/futbol\/wp-json\/wp\/v2\/users\/20"}],"replies":[{"embeddable":true,"href":"http:\/\/desarrollo.grupomedios.com\/futbol\/wp-json\/wp\/v2\/comments?post=483577"}],"version-history":[{"count":1,"href":"http:\/\/desarrollo.grupomedios.com\/futbol\/wp-json\/wp\/v2\/posts\/483577\/revisions"}],"predecessor-version":[{"id":483579,"href":"http:\/\/desarrollo.grupomedios.com\/futbol\/wp-json\/wp\/v2\/posts\/483577\/revisions\/483579"}],"wp:featuredmedia":[{"embeddable":true,"href":"http:\/\/desarrollo.grupomedios.com\/futbol\/wp-json\/wp\/v2\/media\/483578"}],"wp:attachment":[{"href":"http:\/\/desarrollo.grupomedios.com\/futbol\/wp-json\/wp\/v2\/media?parent=483577"}],"wp:term":[{"taxonomy":"category","embeddable":true,"href":"http:\/\/desarrollo.grupomedios.com\/futbol\/wp-json\/wp\/v2\/categories?post=483577"},{"taxonomy":"post_tag","embeddable":true,"href":"http:\/\/desarrollo.grupomedios.com\/futbol\/wp-json\/wp\/v2\/tags?post=483577"}],"curies":[{"name":"wp","href":"https:\/\/api.w.org\/{rel}","templated":true}]}}