{"id":483582,"date":"2017-06-14T19:24:08","date_gmt":"2017-06-15T00:24:08","guid":{"rendered":"https:\/\/www.futboltotal.com.mx\/?p=483582"},"modified":"2017-06-14T19:24:08","modified_gmt":"2017-06-15T00:24:08","slug":"eisner-loboa-ya-nuevo-equipo","status":"publish","type":"post","link":"http:\/\/desarrollo.grupomedios.com\/futbol\/futbol-mexicano\/eisner-loboa-ya-nuevo-equipo\/2017\/06","title":{"rendered":"\u00a1Eisner Loboa ya tiene nuevo equipo!"},"content":{"rendered":"<p>El extremo colombiano naturalizado mexicano, Eisner Loboa, ya encontr\u00f3 nuevo equipo, luego de que pasara varios meses de inactividad, al no ser considerado por el Atl\u00e9tico Mineiro de Brasil, para elprimer semestre de 2017.<\/p>\n<blockquote class=\"twitter-tweet\" data-lang=\"es\">\n<p dir=\"ltr\" lang=\"es\">Porque en el segundo semestre queremos apuntar m\u00e1s alto. Anunciamos nuestra primera contrataci\u00f3n. \u00a1Bienvenido a la familia escarlata!. <a href=\"https:\/\/t.co\/gFnw2iTR9M\">pic.twitter.com\/gFnw2iTR9M<\/a><\/p>\n<p>\u2014 Am\u00e9rica de Cali (@AmericadeCali) <a href=\"https:\/\/twitter.com\/AmericadeCali\/status\/874665485744394241\">13 de junio de 2017<\/a><\/p><\/blockquote>\n<p><script async src=\"\/\/platform.twitter.com\/widgets.js\" charset=\"utf-8\"><\/script><\/p>\n<p style=\"text-align: center;\"><span style=\"color: #3366ff;\"><a style=\"color: #3366ff;\" href=\"https:\/\/www.futboltotal.com.mx\/2017\/06\/la-cifra-alarmante-eduardo-vargas\/\" target=\"_blank\" rel=\"noopener noreferrer\"><strong>VER M\u00c1S: La alarmante cifra de Eduardo Vargas en su carrera<\/strong><\/a><\/span><\/p>\n<p>Eisner Loboa jug\u00f3 en la Liga MX por cuatro a\u00f1os, para Le\u00f3n, Puebla Atlas y Morelia; solo con el primer equipo logr\u00f3 t\u00edtulos, al ser parte de la plantilla bicampeona en 2013-14. Para 2016 emigr\u00f3 al Atl\u00e9tico Mineiro de Brasil, quien lo mantuvo en sus filas solo por seis meses.<\/p>\n<p>\u201cEl f\u00fatbol mexicano es muy competitivo, de mucho ritmo. Se para poco la pelota. Es un nivel muy exigente, con jugadores de mucha categor\u00eda. Eso te ayuda a madurar como jugador. Tuve la fortuna de quedar campe\u00f3n dos veces con el Le\u00f3n (Apertura de 2013 y Clausura de 2014). Vivo agradecido con el f\u00fatbol mexicano, donde hice la mayor parte de mi carrera\u201d, explic\u00f3 Eisner Loboa, en charla con el diario As.<\/p>\n<p style=\"text-align: center;\"><span style=\"color: #3366ff;\"><a style=\"color: #3366ff;\" href=\"https:\/\/www.futboltotal.com.mx\/2017\/06\/ventilan-a-los-otros-refuerzos-miguel-herrera-america\/\" target=\"_blank\" rel=\"noopener noreferrer\"><strong>VER M\u00c1S: Ventilan los otros refuerzos de Miguel Herrera<\/strong><\/a><\/span><\/p>\n<blockquote class=\"twitter-video\" data-lang=\"es\">\n<p dir=\"ltr\" lang=\"es\">Nuestro primer refuerzo para el segundo semestre le envi\u00f3 un mensaje a toda la afici\u00f3n escarlata. <a href=\"https:\/\/twitter.com\/hashtag\/VamosMecha?src=hash\">#VamosMecha<\/a> <a href=\"https:\/\/t.co\/sLlsDv3DyZ\">pic.twitter.com\/sLlsDv3DyZ<\/a><\/p>\n<p>\u2014 Am\u00e9rica de Cali (@AmericadeCali) <a href=\"https:\/\/twitter.com\/AmericadeCali\/status\/874669023191085057\">13 de junio de 2017<\/a><\/p><\/blockquote>\n<p><script async src=\"\/\/platform.twitter.com\/widgets.js\" charset=\"utf-8\"><\/script><\/p>\n<p style=\"text-align: center;\"><span style=\"color: #3366ff;\"><a style=\"color: #3366ff;\" href=\"https:\/\/www.futboltotal.com.mx\/2017\/06\/las-sedes-la-copa-confederaciones-rusia-2017\/\" target=\"_blank\" rel=\"noopener noreferrer\"><strong>VER M\u00c1S: Las sedes de la Copa Confederaciones<\/strong><\/a><\/span><\/p>\n","protected":false},"excerpt":{"rendered":"<p>Am\u00e9rica es el club colombiano que lo tom\u00f3 como refuerzo.<\/p>\n","protected":false},"author":20,"featured_media":483583,"comment_status":"closed","ping_status":"closed","sticky":false,"template":"","format":"standard","meta":[],"categories":[2198,3845],"tags":[1162,5965],"_links":{"self":[{"href":"http:\/\/desarrollo.grupomedios.com\/futbol\/wp-json\/wp\/v2\/posts\/483582"}],"collection":[{"href":"http:\/\/desarrollo.grupomedios.com\/futbol\/wp-json\/wp\/v2\/posts"}],"about":[{"href":"http:\/\/desarrollo.grupomedios.com\/futbol\/wp-json\/wp\/v2\/types\/post"}],"author":[{"embeddable":true,"href":"http:\/\/desarrollo.grupomedios.com\/futbol\/wp-json\/wp\/v2\/users\/20"}],"replies":[{"embeddable":true,"href":"http:\/\/desarrollo.grupomedios.com\/futbol\/wp-json\/wp\/v2\/comments?post=483582"}],"version-history":[{"count":1,"href":"http:\/\/desarrollo.grupomedios.com\/futbol\/wp-json\/wp\/v2\/posts\/483582\/revisions"}],"predecessor-version":[{"id":483584,"href":"http:\/\/desarrollo.grupomedios.com\/futbol\/wp-json\/wp\/v2\/posts\/483582\/revisions\/483584"}],"wp:featuredmedia":[{"embeddable":true,"href":"http:\/\/desarrollo.grupomedios.com\/futbol\/wp-json\/wp\/v2\/media\/483583"}],"wp:attachment":[{"href":"http:\/\/desarrollo.grupomedios.com\/futbol\/wp-json\/wp\/v2\/media?parent=483582"}],"wp:term":[{"taxonomy":"category","embeddable":true,"href":"http:\/\/desarrollo.grupomedios.com\/futbol\/wp-json\/wp\/v2\/categories?post=483582"},{"taxonomy":"post_tag","embeddable":true,"href":"http:\/\/desarrollo.grupomedios.com\/futbol\/wp-json\/wp\/v2\/tags?post=483582"}],"curies":[{"name":"wp","href":"https:\/\/api.w.org\/{rel}","templated":true}]}}