{"id":483601,"date":"2017-06-14T21:19:07","date_gmt":"2017-06-15T02:19:07","guid":{"rendered":"https:\/\/www.futboltotal.com.mx\/?p=483601"},"modified":"2017-06-14T21:19:07","modified_gmt":"2017-06-15T02:19:07","slug":"ruidiaz-se-iria-de-monarcas-morelia","status":"publish","type":"post","link":"http:\/\/desarrollo.grupomedios.com\/futbol\/futbol-mexicano\/ruidiaz-se-iria-de-monarcas-morelia\/2017\/06","title":{"rendered":"Monarcas se podr\u00eda quedar sin Ruid\u00edaz"},"content":{"rendered":"<p><a href=\"https:\/\/www.futboltotal.com.mx\/2017\/06\/raul-ruidiaz-se-dijo-listo-salir-del-morelia\/\" target=\"_blank\" rel=\"noopener noreferrer\"><span style=\"color: #333399;\"><strong>Ra\u00fal Ruid\u00edaz<\/strong><\/span><\/a> ya report\u00f3 con <a href=\"https:\/\/www.futboltotal.com.mx\/2017\/06\/chile-morelia-ya-tendria-al-sustituto-raul-ruidiaz\/\" target=\"_blank\" rel=\"noopener noreferrer\"><span style=\"color: #333399;\"><strong>Monarcas Morelia<\/strong><\/span><\/a> para comenzar trabajos de pretemporada, sin embargo, el atacante a\u00fan tiene posibilidades de abandonar la <strong>Liga MX<\/strong> durante el presente mercado de fichajes.<\/p>\n<p><strong>David Pez\u00faa<\/strong>, representante del jugador, declar\u00f3 para ESPN Digital que el ariete sudamericano est\u00e1 siendo negociado en el extranjero, por lo que podr\u00eda abandonar al conjunto michoacano.<\/p>\n<p style=\"text-align: center;\"><a href=\"https:\/\/www.futboltotal.com.mx\/2017\/06\/angel-zaldivar-no-jugara-copa-oro-por-problemas-musculares\/\" target=\"_blank\" rel=\"noopener noreferrer\"><span style=\"color: #333399;\">VER M\u00c1S:\u00a0\u00c1ngel Zald\u00edvar caus\u00f3 baja para Copa Oro<\/span><\/a><\/p>\n<p>El represntate\u00a0asegur\u00f3 que no ha tenido mucho contacto con la directiva de <strong>Monarcas<\/strong>, conjunto que adquiri\u00f3 los derechos del jugador a principio de a\u00f1o. As\u00ed mismo, asever\u00f3 que intent\u00f3 colocar a su representado en alg\u00fan equipo del futbol mexicano, pero ninguno de los 18 equipos quiso pagar la cl\u00e1usula de rescisi\u00f3n de 10 millones de euros.<\/p>\n<p><strong>Ruid\u00edaz<\/strong> podr\u00eda emigrar a <strong>Europa<\/strong> o al futbol chino, liga que ha preguntado por los servicios del jugador.<\/p>\n<p style=\"text-align: center;\"><a href=\"https:\/\/www.futboltotal.com.mx\/2017\/06\/inaki-dominguez-cerca-volver-a-cruz-azul\/\" target=\"_blank\" rel=\"noopener noreferrer\"><span style=\"color: #333399;\">VER M\u00c1S:\u00a0\u00a1I\u00f1aki Dom\u00ednguez, cerca de volver a Cruz Azul!<\/span><\/a><\/p>\n","protected":false},"excerpt":{"rendered":"<p>Ra\u00fal Ruid\u00edaz se ir\u00eda de Monarcas Morelia, sus opciones son Europa o China<\/p>\n","protected":false},"author":20,"featured_media":483606,"comment_status":"closed","ping_status":"closed","sticky":false,"template":"","format":"standard","meta":[],"categories":[7740,2198,3845],"tags":[831,9011,2293,352,64,784,7620,9012],"_links":{"self":[{"href":"http:\/\/desarrollo.grupomedios.com\/futbol\/wp-json\/wp\/v2\/posts\/483601"}],"collection":[{"href":"http:\/\/desarrollo.grupomedios.com\/futbol\/wp-json\/wp\/v2\/posts"}],"about":[{"href":"http:\/\/desarrollo.grupomedios.com\/futbol\/wp-json\/wp\/v2\/types\/post"}],"author":[{"embeddable":true,"href":"http:\/\/desarrollo.grupomedios.com\/futbol\/wp-json\/wp\/v2\/users\/20"}],"replies":[{"embeddable":true,"href":"http:\/\/desarrollo.grupomedios.com\/futbol\/wp-json\/wp\/v2\/comments?post=483601"}],"version-history":[{"count":1,"href":"http:\/\/desarrollo.grupomedios.com\/futbol\/wp-json\/wp\/v2\/posts\/483601\/revisions"}],"predecessor-version":[{"id":483607,"href":"http:\/\/desarrollo.grupomedios.com\/futbol\/wp-json\/wp\/v2\/posts\/483601\/revisions\/483607"}],"wp:featuredmedia":[{"embeddable":true,"href":"http:\/\/desarrollo.grupomedios.com\/futbol\/wp-json\/wp\/v2\/media\/483606"}],"wp:attachment":[{"href":"http:\/\/desarrollo.grupomedios.com\/futbol\/wp-json\/wp\/v2\/media?parent=483601"}],"wp:term":[{"taxonomy":"category","embeddable":true,"href":"http:\/\/desarrollo.grupomedios.com\/futbol\/wp-json\/wp\/v2\/categories?post=483601"},{"taxonomy":"post_tag","embeddable":true,"href":"http:\/\/desarrollo.grupomedios.com\/futbol\/wp-json\/wp\/v2\/tags?post=483601"}],"curies":[{"name":"wp","href":"https:\/\/api.w.org\/{rel}","templated":true}]}}