{"id":483609,"date":"2017-06-14T21:46:40","date_gmt":"2017-06-15T02:46:40","guid":{"rendered":"https:\/\/www.futboltotal.com.mx\/?p=483609"},"modified":"2017-06-14T21:48:03","modified_gmt":"2017-06-15T02:48:03","slug":"nicolas-blandi-interesa-a-cruz-azul-y-veracruz","status":"publish","type":"post","link":"http:\/\/desarrollo.grupomedios.com\/futbol\/futbol-mexicano\/nicolas-blandi-interesa-a-cruz-azul-y-veracruz\/2017\/06","title":{"rendered":"Cruz Azul y Veracruz se pelear\u00edan por un goleador argentino"},"content":{"rendered":"<p><em>La M\u00e1quina Celeste<\/em> de <a href=\"https:\/\/www.futboltotal.com.mx\/2017\/06\/cruz-azul-quiere-recuperar-a-este-joven-jugo-en-real-oviedo\/\" target=\"_blank\" rel=\"noopener noreferrer\"><span style=\"color: #333399;\"><strong>Cruz Azul<\/strong> <\/span><\/a>estar\u00eda interesada en contratar a <strong>Nicol\u00e1s Blandi<\/strong>, delantero del <strong>San Lorenzo<\/strong> de la <strong>Primera Argentina<\/strong>.<\/p>\n<p>Antes de que se concretara el fichaje de <strong>Cauteruccio<\/strong> con la escuadra de <em>La Noria<\/em>, <strong>Blandi<\/strong> era el primer objetivo de la directiva cementera, pero en aquella ocasi\u00f3n el <em>Cicl\u00f3n<\/em> no quiso deshacerse de su goleador.<\/p>\n<p style=\"text-align: center;\"><a href=\"https:\/\/www.futboltotal.com.mx\/2017\/06\/angel-zaldivar-no-jugara-copa-oro-por-problemas-musculares\/\" target=\"_blank\" rel=\"noopener noreferrer\"><span style=\"color: #333399;\">VER M\u00c1S:\u00a0\u00c1ngel Zald\u00edvar caus\u00f3 baja para Copa Oro<\/span><\/a><\/p>\n<p>El diario Ole asegur\u00f3 que el cuadro cementero tiene a <em>Nico<\/em> entre sus posibles refuerzos para el <strong>Apertura 2017<\/strong>, sin embargo, los <em>Tiburones Rojos<\/em> del <a href=\"https:\/\/www.futboltotal.com.mx\/2017\/06\/lucas-pratto-en-la-mira-del-veracruz\/\" target=\"_blank\" rel=\"noopener noreferrer\"><span style=\"color: #333399;\"><strong>Veracruz<\/strong><\/span><\/a> tambi\u00e9n estar\u00edan interesados en hacerse de los servicios del jugador.<\/p>\n<p style=\"text-align: center;\"><a href=\"https:\/\/www.futboltotal.com.mx\/2017\/06\/ruidiaz-se-iria-de-monarcas-morelia\/\" target=\"_blank\" rel=\"noopener noreferrer\"><span style=\"color: #333399;\">VER M\u00c1S:\u00a0Monarcas se podr\u00eda quedar sin Ruid\u00edaz<\/span><\/a><\/p>\n","protected":false},"excerpt":{"rendered":"<p>El delantero del San Lorenzo se encuentra en la \u00f3rbita de Cruz Azul y Veracruz<\/p>\n","protected":false},"author":20,"featured_media":483611,"comment_status":"closed","ping_status":"closed","sticky":false,"template":"","format":"standard","meta":[],"categories":[7740,2198,3845],"tags":[5962,64,9013,8742,330,6049],"_links":{"self":[{"href":"http:\/\/desarrollo.grupomedios.com\/futbol\/wp-json\/wp\/v2\/posts\/483609"}],"collection":[{"href":"http:\/\/desarrollo.grupomedios.com\/futbol\/wp-json\/wp\/v2\/posts"}],"about":[{"href":"http:\/\/desarrollo.grupomedios.com\/futbol\/wp-json\/wp\/v2\/types\/post"}],"author":[{"embeddable":true,"href":"http:\/\/desarrollo.grupomedios.com\/futbol\/wp-json\/wp\/v2\/users\/20"}],"replies":[{"embeddable":true,"href":"http:\/\/desarrollo.grupomedios.com\/futbol\/wp-json\/wp\/v2\/comments?post=483609"}],"version-history":[{"count":1,"href":"http:\/\/desarrollo.grupomedios.com\/futbol\/wp-json\/wp\/v2\/posts\/483609\/revisions"}],"predecessor-version":[{"id":483613,"href":"http:\/\/desarrollo.grupomedios.com\/futbol\/wp-json\/wp\/v2\/posts\/483609\/revisions\/483613"}],"wp:featuredmedia":[{"embeddable":true,"href":"http:\/\/desarrollo.grupomedios.com\/futbol\/wp-json\/wp\/v2\/media\/483611"}],"wp:attachment":[{"href":"http:\/\/desarrollo.grupomedios.com\/futbol\/wp-json\/wp\/v2\/media?parent=483609"}],"wp:term":[{"taxonomy":"category","embeddable":true,"href":"http:\/\/desarrollo.grupomedios.com\/futbol\/wp-json\/wp\/v2\/categories?post=483609"},{"taxonomy":"post_tag","embeddable":true,"href":"http:\/\/desarrollo.grupomedios.com\/futbol\/wp-json\/wp\/v2\/tags?post=483609"}],"curies":[{"name":"wp","href":"https:\/\/api.w.org\/{rel}","templated":true}]}}