{"id":483619,"date":"2017-06-15T09:39:28","date_gmt":"2017-06-15T14:39:28","guid":{"rendered":"https:\/\/www.futboltotal.com.mx\/?p=483619"},"modified":"2017-06-15T09:39:28","modified_gmt":"2017-06-15T14:39:28","slug":"ivan-piris-jugara-en-leon","status":"publish","type":"post","link":"http:\/\/desarrollo.grupomedios.com\/futbol\/futbol-mexicano\/ivan-piris-jugara-en-leon\/2017\/06","title":{"rendered":"Iv\u00e1n Piris s\u00ed jugar\u00e1 en Le\u00f3n"},"content":{"rendered":"<p>La novela entre <strong>Iv\u00e1n Piris<\/strong>, <strong>Le\u00f3n<\/strong> y <strong>Monterrey<\/strong> parece que tendr\u00e1 un final feliz, pues el defensa paraguayo si aceptar\u00e1 jugar en <strong>Le\u00f3n<\/strong> para el <strong>Apertura 2017.<\/strong><\/p>\n<p>Pedro Aldave, quien se desempe\u00f1a como representante del jugador, inform\u00f3 que lleg\u00f3 a un acuerdo con <strong>Le\u00f3n<\/strong>.<\/p>\n<p style=\"text-align: center;\"><span style=\"color: #333399;\"><a style=\"color: #333399;\" href=\"https:\/\/www.futboltotal.com.mx\/2017\/06\/juegos-del-tri-en-confederaciones-en-peligro-grito-homofobico\/\" target=\"_blank\" rel=\"noopener noreferrer\">VER M\u00c1S: Por esta raz\u00f3n suspender\u00edan partidos del Tri en Copa Confederaciones<\/a><\/span><\/p>\n<blockquote><p>\n&#8220;El jugador habl\u00f3 con el t\u00e9cnico, se quiere quedar en M\u00e9xico y va a decidir por quedarse en M\u00e9xico&#8221;,\u00a0indic\u00f3 el promotor a <em>VAVEL M\u00e9xico<\/em>.<\/p><\/blockquote>\n<p>El acuerdo ser\u00eda el que se hab\u00eda preestablecido con <strong>Monterrey<\/strong> en el <strong>Draft<\/strong>, que ser\u00eda pr\u00e9stamo de un a\u00f1o con opci\u00f3n a compra.<\/p>\n<p>Entre jueves y viernes, <strong>Piris<\/strong> estar\u00e1 reportando con su nuevo club entre jueves y viernes en la pretemporada que est\u00e1 realizando el equipo esmeralda.<\/p>\n<p style=\"text-align: center;\"><span style=\"color: #333399;\"><a style=\"color: #333399;\" href=\"https:\/\/www.futboltotal.com.mx\/2017\/06\/almeyda-llena-elogios-a-futbolista-america\/\" target=\"_blank\" rel=\"noopener noreferrer\">VER M\u00c1S: Almeyda llena de elogios a futbolista americanista<\/a><\/span><\/p>\n<p>&nbsp;<\/p>\n","protected":false},"excerpt":{"rendered":"<p>El paraguayo acept\u00f3 el acuerdo que se preestableci\u00f3 en el Draft para el Apertura 2017<\/p>\n","protected":false},"author":20,"featured_media":482566,"comment_status":"closed","ping_status":"closed","sticky":false,"template":"","format":"standard","meta":[],"categories":[7740,2198,3845],"tags":[8357,8722,5965,64,5966],"_links":{"self":[{"href":"http:\/\/desarrollo.grupomedios.com\/futbol\/wp-json\/wp\/v2\/posts\/483619"}],"collection":[{"href":"http:\/\/desarrollo.grupomedios.com\/futbol\/wp-json\/wp\/v2\/posts"}],"about":[{"href":"http:\/\/desarrollo.grupomedios.com\/futbol\/wp-json\/wp\/v2\/types\/post"}],"author":[{"embeddable":true,"href":"http:\/\/desarrollo.grupomedios.com\/futbol\/wp-json\/wp\/v2\/users\/20"}],"replies":[{"embeddable":true,"href":"http:\/\/desarrollo.grupomedios.com\/futbol\/wp-json\/wp\/v2\/comments?post=483619"}],"version-history":[{"count":1,"href":"http:\/\/desarrollo.grupomedios.com\/futbol\/wp-json\/wp\/v2\/posts\/483619\/revisions"}],"predecessor-version":[{"id":483621,"href":"http:\/\/desarrollo.grupomedios.com\/futbol\/wp-json\/wp\/v2\/posts\/483619\/revisions\/483621"}],"wp:featuredmedia":[{"embeddable":true,"href":"http:\/\/desarrollo.grupomedios.com\/futbol\/wp-json\/wp\/v2\/media\/482566"}],"wp:attachment":[{"href":"http:\/\/desarrollo.grupomedios.com\/futbol\/wp-json\/wp\/v2\/media?parent=483619"}],"wp:term":[{"taxonomy":"category","embeddable":true,"href":"http:\/\/desarrollo.grupomedios.com\/futbol\/wp-json\/wp\/v2\/categories?post=483619"},{"taxonomy":"post_tag","embeddable":true,"href":"http:\/\/desarrollo.grupomedios.com\/futbol\/wp-json\/wp\/v2\/tags?post=483619"}],"curies":[{"name":"wp","href":"https:\/\/api.w.org\/{rel}","templated":true}]}}