{"id":483627,"date":"2017-06-15T10:12:56","date_gmt":"2017-06-15T15:12:56","guid":{"rendered":"https:\/\/www.futboltotal.com.mx\/?p=483627"},"modified":"2017-06-15T10:12:56","modified_gmt":"2017-06-15T15:12:56","slug":"america-pidio-a-aviles-hurtado-miguel-herrera","status":"publish","type":"post","link":"http:\/\/desarrollo.grupomedios.com\/futbol\/futbol-mexicano\/america-pidio-a-aviles-hurtado-miguel-herrera\/2017\/06","title":{"rendered":"Am\u00e9rica no pidi\u00f3 a Avil\u00e9s Hurtado: Miguel Herrera"},"content":{"rendered":"<p>El nuevo director t\u00e9cnico del <strong>Am\u00e9rica<\/strong>, <strong>Miguel Herrera<\/strong>, indic\u00f3 que el delantero\u00a0<strong>Avil\u00e9s Hurtado\u00a0<\/strong>no pudo llegar al club azulcrema debido a que no entraba al sistema que manejar\u00e1 el estratega para el Apertura 2017.<\/p>\n<blockquote><p>&#8220;Hoy se puede decir que <strong>Am\u00e9rica <\/strong>pidi\u00f3 a <strong>Avil\u00e9s<\/strong>, no lo pidi\u00f3, yo lo ped\u00ed, pero cuando nos sentamos a organizar el <strong>equipo <\/strong>con Santiago y con Mau, nos dimos cuenta de que no cab\u00eda en nuestro sistema, en ese momento como prioridad&#8221;, dijo <strong>Herrera<\/strong> en una entrevista<strong>\u00a0<\/strong>para <em>Fox Sports<\/em>.<\/p><\/blockquote>\n<p style=\"text-align: center;\"><span style=\"color: #333399;\"><a style=\"color: #333399;\" href=\"https:\/\/www.futboltotal.com.mx\/2017\/06\/la-cifra-alarmante-eduardo-vargas\/\" target=\"_blank\" rel=\"noopener noreferrer\">VER M\u00c1S: Edu Vargas y su poca efectividad a nivel de clubes<\/a><\/span><\/p>\n<p>Indic\u00f3 que habl\u00f3 con el due\u00f1o de <strong>Xolos<\/strong> al respecto, pues sab\u00edan del inter\u00e9s de <strong>Rayados<\/strong> por el futbolista colombiano.<\/p>\n<p>&#8220;En <strong>Am\u00e9rica <\/strong>se necesitan volantes. Habl\u00e9 con <strong>Jorgealberto Hank <\/strong>y me preguntaba &#8216;\u00bfTe lo vas a llevar? El <strong>Monterrey <\/strong>est\u00e1 muy prendido con el <strong>jugador<\/strong>&#8216;&#8221;, estableci\u00f3 el <strong>Piojo<\/strong>.<\/p>\n<p style=\"text-align: center;\"><span style=\"color: #333399;\"><a style=\"color: #333399;\" href=\"https:\/\/www.futboltotal.com.mx\/2017\/06\/almeyda-llena-elogios-a-futbolista-america\/\" target=\"_blank\" rel=\"noopener noreferrer\">VER M\u00c1S: Almeyda elogia a futbolista del Am\u00e9rica<\/a><\/span><\/p>\n<p>&nbsp;<\/p>\n","protected":false},"excerpt":{"rendered":"<p>El volante no pudo llegar a Coapa porque no entraba en el sistema del Piojo<\/p>\n","protected":false},"author":20,"featured_media":479841,"comment_status":"closed","ping_status":"closed","sticky":false,"template":"","format":"standard","meta":[],"categories":[2198,3845],"tags":[5959,2069,255,5966,257,1673],"_links":{"self":[{"href":"http:\/\/desarrollo.grupomedios.com\/futbol\/wp-json\/wp\/v2\/posts\/483627"}],"collection":[{"href":"http:\/\/desarrollo.grupomedios.com\/futbol\/wp-json\/wp\/v2\/posts"}],"about":[{"href":"http:\/\/desarrollo.grupomedios.com\/futbol\/wp-json\/wp\/v2\/types\/post"}],"author":[{"embeddable":true,"href":"http:\/\/desarrollo.grupomedios.com\/futbol\/wp-json\/wp\/v2\/users\/20"}],"replies":[{"embeddable":true,"href":"http:\/\/desarrollo.grupomedios.com\/futbol\/wp-json\/wp\/v2\/comments?post=483627"}],"version-history":[{"count":1,"href":"http:\/\/desarrollo.grupomedios.com\/futbol\/wp-json\/wp\/v2\/posts\/483627\/revisions"}],"predecessor-version":[{"id":483634,"href":"http:\/\/desarrollo.grupomedios.com\/futbol\/wp-json\/wp\/v2\/posts\/483627\/revisions\/483634"}],"wp:featuredmedia":[{"embeddable":true,"href":"http:\/\/desarrollo.grupomedios.com\/futbol\/wp-json\/wp\/v2\/media\/479841"}],"wp:attachment":[{"href":"http:\/\/desarrollo.grupomedios.com\/futbol\/wp-json\/wp\/v2\/media?parent=483627"}],"wp:term":[{"taxonomy":"category","embeddable":true,"href":"http:\/\/desarrollo.grupomedios.com\/futbol\/wp-json\/wp\/v2\/categories?post=483627"},{"taxonomy":"post_tag","embeddable":true,"href":"http:\/\/desarrollo.grupomedios.com\/futbol\/wp-json\/wp\/v2\/tags?post=483627"}],"curies":[{"name":"wp","href":"https:\/\/api.w.org\/{rel}","templated":true}]}}