{"id":483630,"date":"2017-06-15T13:07:39","date_gmt":"2017-06-15T18:07:39","guid":{"rendered":"https:\/\/www.futboltotal.com.mx\/?p=483630"},"modified":"2017-06-15T13:07:39","modified_gmt":"2017-06-15T18:07:39","slug":"chivas-anuncia-jorge-vergara-seguira-sin-hablar-con-medios","status":"publish","type":"post","link":"http:\/\/desarrollo.grupomedios.com\/futbol\/futbol-mexicano\/chivas-anuncia-jorge-vergara-seguira-sin-hablar-con-medios\/2017\/06","title":{"rendered":"Chivas anuncia que Jorge Vergara seguir\u00e1 sin hablar con medios"},"content":{"rendered":"<p>La decisi\u00f3n de <strong>Jorge Vergara<\/strong>, propietario de las <strong>Chivas<\/strong>, de no dar declaraci\u00f3n alguna a medios de comunicaci\u00f3n se mantendr\u00e1 para el pr\u00f3ximo torneo luego de que el <em><strong>Reba\u00f1o<\/strong> <\/em>informara de la decisi\u00f3n de su due\u00f1o.<\/p>\n<p>Por medio de un comunicado de prensa, <strong>Chivas<\/strong> dio aviso de que <strong>Vergara<\/strong> no dar\u00e1 entrevista alguna a lo largo del <strong>Apertura 2017<\/strong>.<\/p>\n<p style=\"text-align: center;\"><a href=\"https:\/\/www.futboltotal.com.mx\/2017\/06\/america-repatria-europa-a-pedro-arce-nuevo-refuerzo\/\" target=\"_blank\" rel=\"noopener noreferrer\"><span style=\"color: #333399;\">VER M\u00c1S: \u00a1Am\u00e9rica repatria de Europa a Pedro Arce, su nuevo refuerzo!<\/span><\/a><\/p>\n<p>&#8220;Comprendemos el inter\u00e9s de todos ustedes por estar en contacto con Jorge para hablar acerca de diversos temas del club, no obstante, queremos informarles que continuar\u00e1 sin atender peticiones de entrevistas durante el Torneo de Apertura 2017&#8221;, menciona el texto.<\/p>\n<p>Luego del t\u00edtulo de liga conseguido por el <strong>Guadalajara<\/strong> en el <strong>Clausura 2017<\/strong>, esta medida que mantendr\u00e1 <strong>Vergara<\/strong> podr\u00eda considerarse una c\u00e1bala en busca de sumar otros trofeos, o simplemente con la intenci\u00f3n de mantenerse lejos de pol\u00e9micas en los medios.<\/p>\n<p style=\"text-align: center;\"><a href=\"https:\/\/www.futboltotal.com.mx\/2017\/06\/mensaje-del-futbolista-portugues-a-raul-jimenez-calentar-encuentro\/\" target=\"_blank\" rel=\"noopener noreferrer\"><span style=\"color: #333399;\">VER \u00a0M\u00c1S: Jugador de Portugal calienta duelo ante M\u00e9xico con mensaje para Jim\u00e9nez<\/span><\/a><\/p>\n","protected":false},"excerpt":{"rendered":"<p>El due\u00f1o del Reba\u00f1o mantendr\u00e1 esta &#8216;c\u00e1bala&#8217; para el Apertura 2017.<\/p>\n","protected":false},"author":20,"featured_media":453107,"comment_status":"closed","ping_status":"closed","sticky":false,"template":"","format":"standard","meta":[],"categories":[2198,3845],"tags":[8357,70,243,64],"_links":{"self":[{"href":"http:\/\/desarrollo.grupomedios.com\/futbol\/wp-json\/wp\/v2\/posts\/483630"}],"collection":[{"href":"http:\/\/desarrollo.grupomedios.com\/futbol\/wp-json\/wp\/v2\/posts"}],"about":[{"href":"http:\/\/desarrollo.grupomedios.com\/futbol\/wp-json\/wp\/v2\/types\/post"}],"author":[{"embeddable":true,"href":"http:\/\/desarrollo.grupomedios.com\/futbol\/wp-json\/wp\/v2\/users\/20"}],"replies":[{"embeddable":true,"href":"http:\/\/desarrollo.grupomedios.com\/futbol\/wp-json\/wp\/v2\/comments?post=483630"}],"version-history":[{"count":1,"href":"http:\/\/desarrollo.grupomedios.com\/futbol\/wp-json\/wp\/v2\/posts\/483630\/revisions"}],"predecessor-version":[{"id":483672,"href":"http:\/\/desarrollo.grupomedios.com\/futbol\/wp-json\/wp\/v2\/posts\/483630\/revisions\/483672"}],"wp:featuredmedia":[{"embeddable":true,"href":"http:\/\/desarrollo.grupomedios.com\/futbol\/wp-json\/wp\/v2\/media\/453107"}],"wp:attachment":[{"href":"http:\/\/desarrollo.grupomedios.com\/futbol\/wp-json\/wp\/v2\/media?parent=483630"}],"wp:term":[{"taxonomy":"category","embeddable":true,"href":"http:\/\/desarrollo.grupomedios.com\/futbol\/wp-json\/wp\/v2\/categories?post=483630"},{"taxonomy":"post_tag","embeddable":true,"href":"http:\/\/desarrollo.grupomedios.com\/futbol\/wp-json\/wp\/v2\/tags?post=483630"}],"curies":[{"name":"wp","href":"https:\/\/api.w.org\/{rel}","templated":true}]}}