{"id":483639,"date":"2017-06-15T11:14:14","date_gmt":"2017-06-15T16:14:14","guid":{"rendered":"https:\/\/www.futboltotal.com.mx\/?p=483639"},"modified":"2017-06-15T11:14:14","modified_gmt":"2017-06-15T16:14:14","slug":"mensaje-del-futbolista-portugues-a-raul-jimenez-calentar-encuentro","status":"publish","type":"post","link":"http:\/\/desarrollo.grupomedios.com\/futbol\/futbol-mexicano\/mensaje-del-futbolista-portugues-a-raul-jimenez-calentar-encuentro\/2017\/06","title":{"rendered":"El mensaje del futbolista portugu\u00e9s a Ra\u00fal Jim\u00e9nez para calentar el partido"},"content":{"rendered":"<p>El pr\u00f3ximo domingo la <strong>Selecci\u00f3n Mexicana<\/strong> se ver\u00e1 las caras ante <strong>Portugal<\/strong> en el marco de la <strong>Copa Confederaciones<\/strong> de Rusia 2017 y el ambiente a comenzado a aumentar de temperatura.<\/p>\n<p><strong>Ra\u00fal Jim\u00e9nez<\/strong> comparti\u00f3 a trav\u00e9s de Instagram una fotograf\u00eda en la que posaba junto al defensa azteca, <strong>Diego Reyes<\/strong>. El post comenz\u00f3 inmediatamente a generar un gran n\u00famero de reacciones por parte de los seguidores.<\/p>\n<p style=\"text-align: center;\"><span style=\"color: #333399;\"><a style=\"color: #333399;\" href=\"https:\/\/www.futboltotal.com.mx\/2017\/06\/nicolas-blandi-interesa-a-cruz-azul-y-veracruz\/\" target=\"_blank\" rel=\"noopener noreferrer\">VER M\u00c1S: Este es el jugador que Cruz Azul y Veracruz se pelean<\/a><\/span><\/p>\n<p>Uno de ellos fue\u00a0<strong>Pizzi Fernandes<\/strong>, compa\u00f1ero de <strong>Jim\u00e9nez<\/strong> en el <strong>Benfica<\/strong> quien escribi\u00f3; &#8220;Vas a perder, mexicano. Abrazo, hermano&#8221;. Varios usuarios respondieron a su comentario.<\/p>\n<p>Pizzi jugar\u00e1 para <strong>Portugal<\/strong> en este certamen luego de ganarse su convocatoria tras una buena temporada con el <strong>Benfica<\/strong>, anotando 11 goles en 44 partidos.<\/p>\n<p style=\"text-align: center;\"><span style=\"color: #333399;\"><a style=\"color: #333399;\" href=\"https:\/\/www.futboltotal.com.mx\/2017\/06\/pumas-despidio-a-su-capitan-con-breve-homenaje\/\" target=\"_blank\" rel=\"noopener noreferrer\">VER M\u00c1S: El adi\u00f3s de Dar\u00edo Ver\u00f3n con Pumas<\/a><\/span><\/p>\n<p><a href=\"https:\/\/www.futboltotal.com.mx\/wp-content\/uploads\/2017\/06\/jimenez-screen.jpg\"><img decoding=\"async\" loading=\"lazy\" class=\"alignnone size-full wp-image-483640\" src=\"https:\/\/www.futboltotal.com.mx\/wp-content\/uploads\/2017\/06\/jimenez-screen.jpg\" alt=\"El mensaje del futbolista portugu\u00e9s a Ra\u00fal Jim\u00e9nez para calentar el partido 0\" srcset=\"http:\/\/desarrollo.grupomedios.com\/futbol\/wp-content\/uploads\/2017\/06\/jimenez-screen.jpg 1017w, http:\/\/desarrollo.grupomedios.com\/futbol\/wp-content\/uploads\/2017\/06\/jimenez-screen-300x181.jpg 300w, http:\/\/desarrollo.grupomedios.com\/futbol\/wp-content\/uploads\/2017\/06\/jimenez-screen-768x464.jpg 768w\" sizes=\"(max-width: 1017px) 100vw, 1017px\" \/><\/a><\/p>\n<p>&nbsp;<\/p>\n<p>&nbsp;<\/p>\n","protected":false},"excerpt":{"rendered":"<p>Pizzi Fernandes le mand\u00f3 una advertencia a su compa\u00f1ero del Benfica<\/p>\n","protected":false},"author":20,"featured_media":482810,"comment_status":"closed","ping_status":"closed","sticky":false,"template":"","format":"standard","meta":[],"categories":[2198,3847],"tags":[6060,1580,6006,65,9016,715,742,8853],"_links":{"self":[{"href":"http:\/\/desarrollo.grupomedios.com\/futbol\/wp-json\/wp\/v2\/posts\/483639"}],"collection":[{"href":"http:\/\/desarrollo.grupomedios.com\/futbol\/wp-json\/wp\/v2\/posts"}],"about":[{"href":"http:\/\/desarrollo.grupomedios.com\/futbol\/wp-json\/wp\/v2\/types\/post"}],"author":[{"embeddable":true,"href":"http:\/\/desarrollo.grupomedios.com\/futbol\/wp-json\/wp\/v2\/users\/20"}],"replies":[{"embeddable":true,"href":"http:\/\/desarrollo.grupomedios.com\/futbol\/wp-json\/wp\/v2\/comments?post=483639"}],"version-history":[{"count":1,"href":"http:\/\/desarrollo.grupomedios.com\/futbol\/wp-json\/wp\/v2\/posts\/483639\/revisions"}],"predecessor-version":[{"id":483644,"href":"http:\/\/desarrollo.grupomedios.com\/futbol\/wp-json\/wp\/v2\/posts\/483639\/revisions\/483644"}],"wp:featuredmedia":[{"embeddable":true,"href":"http:\/\/desarrollo.grupomedios.com\/futbol\/wp-json\/wp\/v2\/media\/482810"}],"wp:attachment":[{"href":"http:\/\/desarrollo.grupomedios.com\/futbol\/wp-json\/wp\/v2\/media?parent=483639"}],"wp:term":[{"taxonomy":"category","embeddable":true,"href":"http:\/\/desarrollo.grupomedios.com\/futbol\/wp-json\/wp\/v2\/categories?post=483639"},{"taxonomy":"post_tag","embeddable":true,"href":"http:\/\/desarrollo.grupomedios.com\/futbol\/wp-json\/wp\/v2\/tags?post=483639"}],"curies":[{"name":"wp","href":"https:\/\/api.w.org\/{rel}","templated":true}]}}