{"id":483651,"date":"2017-06-15T11:54:47","date_gmt":"2017-06-15T16:54:47","guid":{"rendered":"https:\/\/www.futboltotal.com.mx\/?p=483651"},"modified":"2017-06-15T11:54:47","modified_gmt":"2017-06-15T16:54:47","slug":"estos-serian-los-8-futbolistas-cepillados-barcelona","status":"publish","type":"post","link":"http:\/\/desarrollo.grupomedios.com\/futbol\/futbol-internacional\/estos-serian-los-8-futbolistas-cepillados-barcelona\/2017\/06","title":{"rendered":"Estos ser\u00edan los 8 futbolistas &#8216;cepillados&#8217; por el Barcelona"},"content":{"rendered":"<p>Con la llegada del nuevo director t\u00e9cnico del <strong>Barcelona<\/strong>, se esperan algunos cambios en la plantilla blaugrana, y ser\u00edan 8 los futbolistas que tendr\u00edan en suspenso su estad\u00eda en el equipo catal\u00e1n.<\/p>\n<p>Los nombres de los futbolistas que dejar\u00edan de ser blaugranas son los de:\u00a0<strong>Mathieu, Arda Turan, Vermaelen, Munir, Tello, Douglas, Samper y Masip.<\/strong><\/p>\n<p style=\"text-align: center;\"><span style=\"color: #333399;\"><a style=\"color: #333399;\" href=\"https:\/\/www.futboltotal.com.mx\/2017\/06\/portugal-cristiano-ochoa\/\" target=\"_blank\" rel=\"noopener noreferrer\">VER M\u00c1S: Portugal no es s\u00f3lo Cristiano Ronaldo: Memo Ochoa<\/a><\/span><\/p>\n<p>En primera instancia se buscar\u00eda que\u00a0<strong>Samper<\/strong> y <strong>Munir<\/strong> salieran a un club for\u00e1neo para tener continuidad y despu\u00e9s retornar con el <strong>Barcelona<\/strong>.<\/p>\n<p>En el caso de\u00a0<strong>Vermaelen<\/strong> y <strong>Douglas<\/strong> no tienen ninguna oportunidad de mantenerse en el equipo de <strong>Barcelona<\/strong>, la intenci\u00f3n es colocar en otros clubes a ambos futbolistas.<\/p>\n<p>Por \u00faltimo, en el caso de\u00a0<strong>Mathieu<\/strong> y <strong>Arda Turan<\/strong>, esperan una fuerte suma por el futbolista turco, pues realizaron una gran inversi\u00f3n para hacerse de sus servicios. Mientras que por el franc\u00e9s no esperan obtener una gran ganancia.<\/p>\n<p style=\"text-align: center;\"><span style=\"color: #333399;\"><a style=\"color: #333399;\" href=\"https:\/\/www.futboltotal.com.mx\/2017\/06\/iniesta-no-ira-a-la-boda-de-messi-y-antonella\/\" target=\"_blank\" rel=\"noopener noreferrer\">VER M\u00c1S: El futbolista del Barcelona que no asistir\u00e1 a la boda de Messi<\/a><\/span><\/p>\n<p>&nbsp;<\/p>\n<p>&nbsp;<\/p>\n","protected":false},"excerpt":{"rendered":"<p>Con la llegada de un nuevo estratega, se avecinan cambios en la plantilla<\/p>\n","protected":false},"author":20,"featured_media":480896,"comment_status":"closed","ping_status":"closed","sticky":false,"template":"","format":"standard","meta":[],"categories":[3839],"tags":[6055,5984,253,76,6716,3010],"_links":{"self":[{"href":"http:\/\/desarrollo.grupomedios.com\/futbol\/wp-json\/wp\/v2\/posts\/483651"}],"collection":[{"href":"http:\/\/desarrollo.grupomedios.com\/futbol\/wp-json\/wp\/v2\/posts"}],"about":[{"href":"http:\/\/desarrollo.grupomedios.com\/futbol\/wp-json\/wp\/v2\/types\/post"}],"author":[{"embeddable":true,"href":"http:\/\/desarrollo.grupomedios.com\/futbol\/wp-json\/wp\/v2\/users\/20"}],"replies":[{"embeddable":true,"href":"http:\/\/desarrollo.grupomedios.com\/futbol\/wp-json\/wp\/v2\/comments?post=483651"}],"version-history":[{"count":1,"href":"http:\/\/desarrollo.grupomedios.com\/futbol\/wp-json\/wp\/v2\/posts\/483651\/revisions"}],"predecessor-version":[{"id":483652,"href":"http:\/\/desarrollo.grupomedios.com\/futbol\/wp-json\/wp\/v2\/posts\/483651\/revisions\/483652"}],"wp:featuredmedia":[{"embeddable":true,"href":"http:\/\/desarrollo.grupomedios.com\/futbol\/wp-json\/wp\/v2\/media\/480896"}],"wp:attachment":[{"href":"http:\/\/desarrollo.grupomedios.com\/futbol\/wp-json\/wp\/v2\/media?parent=483651"}],"wp:term":[{"taxonomy":"category","embeddable":true,"href":"http:\/\/desarrollo.grupomedios.com\/futbol\/wp-json\/wp\/v2\/categories?post=483651"},{"taxonomy":"post_tag","embeddable":true,"href":"http:\/\/desarrollo.grupomedios.com\/futbol\/wp-json\/wp\/v2\/tags?post=483651"}],"curies":[{"name":"wp","href":"https:\/\/api.w.org\/{rel}","templated":true}]}}