{"id":483653,"date":"2017-06-15T12:16:21","date_gmt":"2017-06-15T17:16:21","guid":{"rendered":"https:\/\/www.futboltotal.com.mx\/?p=483653"},"modified":"2017-06-15T12:18:36","modified_gmt":"2017-06-15T17:18:36","slug":"donnarumma-seguira-en-milan-apunta-a-espana","status":"publish","type":"post","link":"http:\/\/desarrollo.grupomedios.com\/futbol\/futbol-internacional\/donnarumma-seguira-en-milan-apunta-a-espana\/2017\/06","title":{"rendered":"Donnarumma no seguir\u00e1 en el Milan, su futuro apunta a Espa\u00f1a"},"content":{"rendered":"<p>El arquero italiano\u00a0<strong>Gianluigi Donnarumma\u00a0<\/strong>ha decidido que no renovar\u00e1 con el <strong>AC Milan<\/strong>, luego que su contrato culminar\u00e1 en junio de 2018, as\u00ed lo anunci\u00f3 el director general del club rossonero, <strong>Marco Fassone<\/strong>, quien se reuni\u00f3 con el representante del futbolista.<\/p>\n<blockquote>\n<p style=\"text-align: left;\">&#8220;<strong>Mino Raiola<\/strong> me ha informado de la decisi\u00f3n de no renovar de <strong>Donnarumma<\/strong>. Ten\u00edamos la confianza de que &#8216;Gigio&#8217; fuese el portero del nuevo <strong>Milan<\/strong>, el pilar sobre el que construir, pero tenemos que revisar nuestro futuro. Esta decisi\u00f3n, tomada por el jugador con su representante, nos ha amargado pero vamos hacia adelante, el Milan sigue adelante&#8221;, explic\u00f3 Fassone.<\/p>\n<\/blockquote>\n<p style=\"text-align: center;\"><span style=\"color: #333399;\"><a style=\"color: #333399;\" href=\"https:\/\/www.futboltotal.com.mx\/2017\/06\/iniesta-no-ira-a-la-boda-de-messi-y-antonella\/\" target=\"_blank\" rel=\"noopener noreferrer\">VER M\u00c1S: Esta estrella del Barcelona no asistir\u00e1 a la boda de Messi<\/a><\/span><\/p>\n<p>En Italia ya colocan al joven arquero en el <strong>Real Madrid<\/strong> para la temporada 2018-2019, por lo que una renovaci\u00f3n con el club italiano pondr\u00eda en duda esta posible contrataci\u00f3n.<\/p>\n<p><strong>Real Madrid<\/strong> est\u00e1 interesado en <strong>Donnarumma<\/strong>, pero necesita que permanezca una temporada m\u00e1s en el <strong>Milan<\/strong>, una vez que ya ha decidido no fichar a <strong>De Gea<\/strong>, del <strong>Manchester United<\/strong> y que <strong>Zidane<\/strong> ha depositado su confianza en <strong>Keylor Navas<\/strong>, de acuerdo con el diario Marca.<\/p>\n<p style=\"text-align: center;\"><span style=\"color: #333399;\"><a style=\"color: #333399;\" href=\"https:\/\/www.futboltotal.com.mx\/2017\/06\/juegos-del-tri-en-confederaciones-en-peligro-grito-homofobico\/\" target=\"_blank\" rel=\"noopener noreferrer\">VER M\u00c1S: Juegos del Tri en Copa Confederaciones podr\u00edan ser suspendidos<\/a><\/span><\/p>\n<p>&nbsp;<\/p>\n<p>&nbsp;<\/p>\n","protected":false},"excerpt":{"rendered":"<p>El guardameta culminar\u00e1 contrato con los rossoneros en junio de 2018<\/p>\n","protected":false},"author":20,"featured_media":471640,"comment_status":"closed","ping_status":"closed","sticky":false,"template":"","format":"standard","meta":[],"categories":[7740,3839],"tags":[6832,292,242,5988,5958],"_links":{"self":[{"href":"http:\/\/desarrollo.grupomedios.com\/futbol\/wp-json\/wp\/v2\/posts\/483653"}],"collection":[{"href":"http:\/\/desarrollo.grupomedios.com\/futbol\/wp-json\/wp\/v2\/posts"}],"about":[{"href":"http:\/\/desarrollo.grupomedios.com\/futbol\/wp-json\/wp\/v2\/types\/post"}],"author":[{"embeddable":true,"href":"http:\/\/desarrollo.grupomedios.com\/futbol\/wp-json\/wp\/v2\/users\/20"}],"replies":[{"embeddable":true,"href":"http:\/\/desarrollo.grupomedios.com\/futbol\/wp-json\/wp\/v2\/comments?post=483653"}],"version-history":[{"count":1,"href":"http:\/\/desarrollo.grupomedios.com\/futbol\/wp-json\/wp\/v2\/posts\/483653\/revisions"}],"predecessor-version":[{"id":483656,"href":"http:\/\/desarrollo.grupomedios.com\/futbol\/wp-json\/wp\/v2\/posts\/483653\/revisions\/483656"}],"wp:featuredmedia":[{"embeddable":true,"href":"http:\/\/desarrollo.grupomedios.com\/futbol\/wp-json\/wp\/v2\/media\/471640"}],"wp:attachment":[{"href":"http:\/\/desarrollo.grupomedios.com\/futbol\/wp-json\/wp\/v2\/media?parent=483653"}],"wp:term":[{"taxonomy":"category","embeddable":true,"href":"http:\/\/desarrollo.grupomedios.com\/futbol\/wp-json\/wp\/v2\/categories?post=483653"},{"taxonomy":"post_tag","embeddable":true,"href":"http:\/\/desarrollo.grupomedios.com\/futbol\/wp-json\/wp\/v2\/tags?post=483653"}],"curies":[{"name":"wp","href":"https:\/\/api.w.org\/{rel}","templated":true}]}}