{"id":483664,"date":"2017-06-15T12:49:43","date_gmt":"2017-06-15T17:49:43","guid":{"rendered":"https:\/\/www.futboltotal.com.mx\/?p=483664"},"modified":"2017-06-15T12:50:00","modified_gmt":"2017-06-15T17:50:00","slug":"megacable-demanda-a-chivas-tv","status":"publish","type":"post","link":"http:\/\/desarrollo.grupomedios.com\/futbol\/futbol-mexicano\/megacable-demanda-a-chivas-tv\/2017\/06","title":{"rendered":"Megacable demanda a Chivas TV"},"content":{"rendered":"<p>Hace un rato que vivimos la final de <strong>Clausura 2017<\/strong> entre <strong>Chivas<\/strong> y <strong>Tigres<\/strong>, sin embargo, los estragos de la misma contin\u00faan.<\/p>\n<p>Ahora, la compa\u00f1\u00eda <strong>Megacable<\/strong> demand\u00f3 a <strong>Chivas TV<\/strong> luego que desactivara 50 mil c\u00f3digos que hab\u00edan comprado para la final de <strong>Chivas vs Tigres<\/strong>, dichos c\u00f3digos, ser\u00edan regalados a los usuarios de Guadalajara y zona conurbada.<\/p>\n<p style=\"text-align: center;\"><span style=\"color: #333399;\"><a style=\"color: #333399;\" href=\"https:\/\/www.futboltotal.com.mx\/2017\/06\/equipos-la-bundesliga-se-interesan-en-marco-fabian\/\" target=\"_blank\" rel=\"noopener noreferrer\">VER M\u00c1S: Otros equipos de Alemania ya le echaron el &#8216;ojo&#8217; a Marco Fabi\u00e1n<\/a><\/span><\/p>\n<p>Enrique Yamuni, director general de <strong>Megacable<\/strong>, se\u00f1al\u00f3 que ya impusieron varias demandas en contra de <strong>Chivas TV<\/strong> y llegar\u00e1n a las \u00faltimas consecuencias.<\/p>\n<p>De acuerdo con el directivo, ten\u00edan un acuerdo, pues ya hab\u00edan pagado y facturado los c\u00f3digos comprados para regalar a los suscriptores; sin embargo, <strong>Televisa<\/strong> presion\u00f3 a <strong>Chivas TV<\/strong> para cancelar dicho convenio.<\/p>\n<p><strong>Chivas TV<\/strong> desactiv\u00f3 los 50 mil c\u00f3digos\u00a0que hab\u00edan adquirido y les regres\u00f3 el dinero despu\u00e9s de\u00a0dos d\u00edas,.<\/p>\n<blockquote><p>&#8220;Ya est\u00e1 la demanda, hay varias demandas, porque no se vale que as\u00ed con las manos en la cintura traten de afectar la credibilidad y prestigio de la compa\u00f1\u00eda, nada m\u00e1s porque le dio la gana&#8221;, afirm\u00f3 Yamuni<\/p><\/blockquote>\n<p style=\"text-align: center;\"><span style=\"color: #333399;\"><a style=\"color: #333399;\" href=\"https:\/\/www.futboltotal.com.mx\/2017\/06\/mensaje-del-futbolista-portugues-a-raul-jimenez-calentar-encuentro\/\" target=\"_blank\" rel=\"noopener noreferrer\">VER M\u00c1S: Mensaje de portugu\u00e9s calienta juego ante M\u00e9xico<\/a><\/span><\/p>\n","protected":false},"excerpt":{"rendered":"<p>La compa\u00f1\u00eda argumenta que ten\u00edan 50 mil c\u00f3digos para la final ante Tigres que no hicieron v\u00e1lidos<\/p>\n","protected":false},"author":20,"featured_media":451803,"comment_status":"closed","ping_status":"closed","sticky":false,"template":"","format":"standard","meta":[],"categories":[5419,2198,3845],"tags":[70,7110,7732,9017,5973],"_links":{"self":[{"href":"http:\/\/desarrollo.grupomedios.com\/futbol\/wp-json\/wp\/v2\/posts\/483664"}],"collection":[{"href":"http:\/\/desarrollo.grupomedios.com\/futbol\/wp-json\/wp\/v2\/posts"}],"about":[{"href":"http:\/\/desarrollo.grupomedios.com\/futbol\/wp-json\/wp\/v2\/types\/post"}],"author":[{"embeddable":true,"href":"http:\/\/desarrollo.grupomedios.com\/futbol\/wp-json\/wp\/v2\/users\/20"}],"replies":[{"embeddable":true,"href":"http:\/\/desarrollo.grupomedios.com\/futbol\/wp-json\/wp\/v2\/comments?post=483664"}],"version-history":[{"count":1,"href":"http:\/\/desarrollo.grupomedios.com\/futbol\/wp-json\/wp\/v2\/posts\/483664\/revisions"}],"predecessor-version":[{"id":483668,"href":"http:\/\/desarrollo.grupomedios.com\/futbol\/wp-json\/wp\/v2\/posts\/483664\/revisions\/483668"}],"wp:featuredmedia":[{"embeddable":true,"href":"http:\/\/desarrollo.grupomedios.com\/futbol\/wp-json\/wp\/v2\/media\/451803"}],"wp:attachment":[{"href":"http:\/\/desarrollo.grupomedios.com\/futbol\/wp-json\/wp\/v2\/media?parent=483664"}],"wp:term":[{"taxonomy":"category","embeddable":true,"href":"http:\/\/desarrollo.grupomedios.com\/futbol\/wp-json\/wp\/v2\/categories?post=483664"},{"taxonomy":"post_tag","embeddable":true,"href":"http:\/\/desarrollo.grupomedios.com\/futbol\/wp-json\/wp\/v2\/tags?post=483664"}],"curies":[{"name":"wp","href":"https:\/\/api.w.org\/{rel}","templated":true}]}}