{"id":483667,"date":"2017-06-15T12:59:01","date_gmt":"2017-06-15T17:59:01","guid":{"rendered":"https:\/\/www.futboltotal.com.mx\/?p=483667"},"modified":"2017-06-15T12:59:01","modified_gmt":"2017-06-15T17:59:01","slug":"dirigente-la-real-sociedad-reclama-a-vergara-hablar-mal-carlos-vela","status":"publish","type":"post","link":"http:\/\/desarrollo.grupomedios.com\/futbol\/futbol-mexicano\/dirigente-la-real-sociedad-reclama-a-vergara-hablar-mal-carlos-vela\/2017\/06","title":{"rendered":"Dirigente de la Real Sociedad reclam\u00f3 a Vergara por hablar mal de Vela"},"content":{"rendered":"<p>Hace unas semanas se rumor\u00f3 que el due\u00f1o de Chivas, <strong>Jorge Vergara<\/strong>, llam\u00f3 al mexicano <strong>Carlos Vela<\/strong> para buscar \u00a0que regrese a jugar con el <em>Reba\u00f1o Sagrado<\/em>.<\/p>\n<p>Pero ante las sospechas, <strong>Vergara<\/strong> sali\u00f3 a desmentir la llamada y asegur\u00f3 que no ha buscado contratar al jugador de la Real Sociedad, aunque lo hizo fiel a su estilo y aprovech\u00f3 para criticarlo, pues asegur\u00f3 que el jugador de la <strong>Real Sociedad<\/strong> es indisciplinado.<\/p>\n<p style=\"text-align: center;\"><span style=\"color: #3366ff;\"><a style=\"color: #3366ff;\" href=\"https:\/\/www.futboltotal.com.mx\/2017\/06\/america-repatria-europa-a-pedro-arce-nuevo-refuerzo\/\">VER M\u00c1S: \u00a1Am\u00e9rica repatria de Europa a Pedro Arce, su nuevo refuerzo!<\/a><\/span><\/p>\n<p>&#8220;<strong>Vela<\/strong> no encaja en la mentalidad de <strong>Chivas<\/strong> para nada. Su falta de disciplina, que la conozco desde cuando era ni\u00f1o, es dif\u00edcil. Est\u00e1 descartado\u201d, coment\u00f3 el empresario mexicano.<\/p>\n<p>Las criticas de <strong>Vergara<\/strong> sobre <strong>Vela<\/strong> llegaron hasta Espa\u00f1a y el Presidente de la <strong>Real Sociedad<\/strong>, Jokin Aperribay, explot\u00f3 contra el due\u00f1o de los Rojiblancos y asegur\u00f3 que no conoce al delantero tanto como \u00e9l.<\/p>\n<p>&#8220;Le\u00ed declaraciones de un presidente de M\u00e9xico que me indignaron. Lleva seis a\u00f1os en la Real, donde los valores son un ejemplo. Me parece desconoce lo que es el jugador, c\u00f3mo es y qu\u00e9 es la Real. Por eso transmit\u00ed mi m\u00e1s en\u00e9rgica queja\u201d.<\/p>\n<p>Incluso Aperibay estuvo tan molesto, que decidi\u00f3 llamar a gente de la Federaci\u00f3n Mexicana de Futbol para pedir que el directivo no se exprese as\u00ed de su jugador.<\/p>\n<p>&#8220;No conoce a <strong>Carlos Vela<\/strong> y llam\u00e9 directamente al director general de la federaci\u00f3n para quejarme por esas declaraciones y para que hicieran llegar a ese club la m\u00e1s en\u00e9rgica queja de la Real Sociedad sobre dichas declaraciones\u201d.<\/p>\n<p style=\"text-align: center;\"><span style=\"color: #3366ff;\"><a style=\"color: #3366ff;\" href=\"https:\/\/www.futboltotal.com.mx\/2017\/06\/equipos-la-bundesliga-se-interesan-en-marco-fabian\/\">VER M\u00c1S: Equipos de la Bundesliga se interesan en Marco Fabi\u00e1n<\/a><\/span><\/p>\n","protected":false},"excerpt":{"rendered":"<p>El due\u00f1o de la Real se molest\u00f3 por las palabras de Vergara sobre Vela.<\/p>\n","protected":false},"author":20,"featured_media":474711,"comment_status":"closed","ping_status":"closed","sticky":false,"template":"","format":"standard","meta":[],"categories":[3839,2198,3844],"tags":[6048],"_links":{"self":[{"href":"http:\/\/desarrollo.grupomedios.com\/futbol\/wp-json\/wp\/v2\/posts\/483667"}],"collection":[{"href":"http:\/\/desarrollo.grupomedios.com\/futbol\/wp-json\/wp\/v2\/posts"}],"about":[{"href":"http:\/\/desarrollo.grupomedios.com\/futbol\/wp-json\/wp\/v2\/types\/post"}],"author":[{"embeddable":true,"href":"http:\/\/desarrollo.grupomedios.com\/futbol\/wp-json\/wp\/v2\/users\/20"}],"replies":[{"embeddable":true,"href":"http:\/\/desarrollo.grupomedios.com\/futbol\/wp-json\/wp\/v2\/comments?post=483667"}],"version-history":[{"count":1,"href":"http:\/\/desarrollo.grupomedios.com\/futbol\/wp-json\/wp\/v2\/posts\/483667\/revisions"}],"predecessor-version":[{"id":483669,"href":"http:\/\/desarrollo.grupomedios.com\/futbol\/wp-json\/wp\/v2\/posts\/483667\/revisions\/483669"}],"wp:featuredmedia":[{"embeddable":true,"href":"http:\/\/desarrollo.grupomedios.com\/futbol\/wp-json\/wp\/v2\/media\/474711"}],"wp:attachment":[{"href":"http:\/\/desarrollo.grupomedios.com\/futbol\/wp-json\/wp\/v2\/media?parent=483667"}],"wp:term":[{"taxonomy":"category","embeddable":true,"href":"http:\/\/desarrollo.grupomedios.com\/futbol\/wp-json\/wp\/v2\/categories?post=483667"},{"taxonomy":"post_tag","embeddable":true,"href":"http:\/\/desarrollo.grupomedios.com\/futbol\/wp-json\/wp\/v2\/tags?post=483667"}],"curies":[{"name":"wp","href":"https:\/\/api.w.org\/{rel}","templated":true}]}}