{"id":483682,"date":"2017-06-15T15:41:40","date_gmt":"2017-06-15T20:41:40","guid":{"rendered":"https:\/\/www.futboltotal.com.mx\/?p=483682"},"modified":"2017-06-15T15:41:40","modified_gmt":"2017-06-15T20:41:40","slug":"nuevo-uniforme-del-real-madrid-llega-a-mexico-en-tienda-oficial","status":"publish","type":"post","link":"http:\/\/desarrollo.grupomedios.com\/futbol\/promociones\/nuevo-uniforme-del-real-madrid-llega-a-mexico-en-tienda-oficial\/2017\/06","title":{"rendered":"El nuevo uniforme del Real Madrid llega a M\u00e9xico en su tienda oficial"},"content":{"rendered":"<p>Los <strong>nuevos uniformes<\/strong> del <strong>Real Madrid<\/strong> para la <strong>temporada 2017-2018<\/strong> fueron presentados por el club <em>Merengue<\/em>, actual monarca\u00a0de Liga en Espa\u00f1a y bicampe\u00f3n de la <strong>Champions League<\/strong>, y ya est\u00e1n disponibles en M\u00e9xico en\u00a0la <strong>Tienda Oficial del club<\/strong> en nuestro pa\u00eds como una preventa exclusiva del 14 al 21 de junio.<\/p>\n<p>El nuevo <strong>uniforme de local<\/strong>\u00a0luce su\u00a0cl\u00e1sico color blanco\u00a0m\u00e1s prominente con\u00a0un nuevo dise\u00f1o de franjas que se corta en los hombros y un sello conmemorativo en la parte inferior de la camiseta por\u00a0el aniversario 155 del club, adem\u00e1s del\u00a0azul cielo en las franjas y detalles y el escudo que acredita a los madridistas como campeones del <strong>Mundial de Clubes 2016<\/strong>.<\/p>\n<p>Si te consideras un madridista de coraz\u00f3n\u00a0y deseas ser de los primeros Merengues en vestir este jersey acude a la preventa exclusiva de la <strong>Tienda Oficial del Real Madrid<\/strong> <strong>en M\u00e9xico<\/strong> en sus <strong>dos sucursales<\/strong>: una en Venustiano Carranza y Calle de Gante 21 Local. A en el <strong>Centro<\/strong> y la segunda en Av. Horacio 232 en <strong>Polanco<\/strong>.<\/p>\n<p><a href=\"https:\/\/www.futboltotal.com.mx\/wp-content\/uploads\/2017\/06\/Real-Madrid-2.jpg\"><img decoding=\"async\" loading=\"lazy\" class=\"aligncenter size-large wp-image-483706\" src=\"https:\/\/www.futboltotal.com.mx\/wp-content\/uploads\/2017\/06\/Real-Madrid-2-1024x576.jpg\" alt=\"El nuevo uniforme del Real Madrid llega a M\u00e9xico en su tienda oficial 0\" srcset=\"http:\/\/desarrollo.grupomedios.com\/futbol\/wp-content\/uploads\/2017\/06\/Real-Madrid-2-1024x576.jpg 1024w, http:\/\/desarrollo.grupomedios.com\/futbol\/wp-content\/uploads\/2017\/06\/Real-Madrid-2-300x169.jpg 300w, http:\/\/desarrollo.grupomedios.com\/futbol\/wp-content\/uploads\/2017\/06\/Real-Madrid-2-768x432.jpg 768w, http:\/\/desarrollo.grupomedios.com\/futbol\/wp-content\/uploads\/2017\/06\/Real-Madrid-2-317x178.jpg 317w, http:\/\/desarrollo.grupomedios.com\/futbol\/wp-content\/uploads\/2017\/06\/Real-Madrid-2-535x301.jpg 535w, http:\/\/desarrollo.grupomedios.com\/futbol\/wp-content\/uploads\/2017\/06\/Real-Madrid-2-374x210.jpg 374w, http:\/\/desarrollo.grupomedios.com\/futbol\/wp-content\/uploads\/2017\/06\/Real-Madrid-2.jpg 1136w\" sizes=\"(max-width: 1024px) 100vw, 1024px\" \/><\/a><\/p>\n<p>En el caso del uniforme de visitante, se inspira en las anteriores camisetas negras del <strong>Madrid<\/strong>, agregando\u00a0franjas color verde turquesa y el mismo color en\u00a0el escudo<strong>,\u00a0<\/strong>con un efecto ne\u00f3n para sobresalir contra el negro.<\/p>\n<p><a href=\"https:\/\/www.futboltotal.com.mx\/wp-content\/uploads\/2017\/06\/Real-Madrid2.jpg\"><img decoding=\"async\" loading=\"lazy\" class=\"aligncenter size-large wp-image-483708\" src=\"https:\/\/www.futboltotal.com.mx\/wp-content\/uploads\/2017\/06\/Real-Madrid2-1024x576.jpg\" alt=\"El nuevo uniforme del Real Madrid llega a M\u00e9xico en su tienda oficial 1\" srcset=\"http:\/\/desarrollo.grupomedios.com\/futbol\/wp-content\/uploads\/2017\/06\/Real-Madrid2-1024x576.jpg 1024w, http:\/\/desarrollo.grupomedios.com\/futbol\/wp-content\/uploads\/2017\/06\/Real-Madrid2-300x169.jpg 300w, http:\/\/desarrollo.grupomedios.com\/futbol\/wp-content\/uploads\/2017\/06\/Real-Madrid2-768x432.jpg 768w, http:\/\/desarrollo.grupomedios.com\/futbol\/wp-content\/uploads\/2017\/06\/Real-Madrid2-317x178.jpg 317w, http:\/\/desarrollo.grupomedios.com\/futbol\/wp-content\/uploads\/2017\/06\/Real-Madrid2-535x301.jpg 535w, http:\/\/desarrollo.grupomedios.com\/futbol\/wp-content\/uploads\/2017\/06\/Real-Madrid2-374x210.jpg 374w, http:\/\/desarrollo.grupomedios.com\/futbol\/wp-content\/uploads\/2017\/06\/Real-Madrid2.jpg 1136w\" sizes=\"(max-width: 1024px) 100vw, 1024px\" \/><\/a><\/p>\n<p>El uso de la tecnolog\u00eda <strong>Climacool<\/strong> asegura que los jugadores se mantengan frescos y se desempe\u00f1en c\u00f3modamente, incluso en condiciones dif\u00edciles con una nueva tela m\u00e1s suave y c\u00f3moda. As\u00ed que si no puedes esperar m\u00e1s ya sabes d\u00f3nde conseguir la nueva piel madridista, en la\u00a0<strong>Tienda Oficial del Real Madrid<\/strong> <strong>en M\u00e9xico.<\/strong><\/p>\n<p><a href=\"https:\/\/www.futboltotal.com.mx\/wp-content\/uploads\/2017\/06\/Real-Madrid-Uniforme-2017-2018-4.jpg\"><img decoding=\"async\" loading=\"lazy\" class=\"aligncenter size-large wp-image-483436\" src=\"https:\/\/www.futboltotal.com.mx\/wp-content\/uploads\/2017\/06\/Real-Madrid-Uniforme-2017-2018-4-1024x576.jpg\" alt=\"El nuevo uniforme del Real Madrid llega a M\u00e9xico en su tienda oficial 2\" srcset=\"http:\/\/desarrollo.grupomedios.com\/futbol\/wp-content\/uploads\/2017\/06\/Real-Madrid-Uniforme-2017-2018-4-1024x576.jpg 1024w, http:\/\/desarrollo.grupomedios.com\/futbol\/wp-content\/uploads\/2017\/06\/Real-Madrid-Uniforme-2017-2018-4-300x169.jpg 300w, http:\/\/desarrollo.grupomedios.com\/futbol\/wp-content\/uploads\/2017\/06\/Real-Madrid-Uniforme-2017-2018-4-768x432.jpg 768w, http:\/\/desarrollo.grupomedios.com\/futbol\/wp-content\/uploads\/2017\/06\/Real-Madrid-Uniforme-2017-2018-4-317x178.jpg 317w, http:\/\/desarrollo.grupomedios.com\/futbol\/wp-content\/uploads\/2017\/06\/Real-Madrid-Uniforme-2017-2018-4-535x301.jpg 535w, http:\/\/desarrollo.grupomedios.com\/futbol\/wp-content\/uploads\/2017\/06\/Real-Madrid-Uniforme-2017-2018-4-374x210.jpg 374w, http:\/\/desarrollo.grupomedios.com\/futbol\/wp-content\/uploads\/2017\/06\/Real-Madrid-Uniforme-2017-2018-4.jpg 1136w\" sizes=\"(max-width: 1024px) 100vw, 1024px\" \/><\/a><\/p>\n","protected":false},"excerpt":{"rendered":"<p>Ya puedes conseguir en M\u00e9xico los nuevos uniformes del bicampe\u00f3n de Europa.<\/p>\n","protected":false},"author":20,"featured_media":483706,"comment_status":"closed","ping_status":"closed","sticky":false,"template":"","format":"standard","meta":[],"categories":[60],"tags":[8495,5988,2127],"_links":{"self":[{"href":"http:\/\/desarrollo.grupomedios.com\/futbol\/wp-json\/wp\/v2\/posts\/483682"}],"collection":[{"href":"http:\/\/desarrollo.grupomedios.com\/futbol\/wp-json\/wp\/v2\/posts"}],"about":[{"href":"http:\/\/desarrollo.grupomedios.com\/futbol\/wp-json\/wp\/v2\/types\/post"}],"author":[{"embeddable":true,"href":"http:\/\/desarrollo.grupomedios.com\/futbol\/wp-json\/wp\/v2\/users\/20"}],"replies":[{"embeddable":true,"href":"http:\/\/desarrollo.grupomedios.com\/futbol\/wp-json\/wp\/v2\/comments?post=483682"}],"version-history":[{"count":1,"href":"http:\/\/desarrollo.grupomedios.com\/futbol\/wp-json\/wp\/v2\/posts\/483682\/revisions"}],"predecessor-version":[{"id":483713,"href":"http:\/\/desarrollo.grupomedios.com\/futbol\/wp-json\/wp\/v2\/posts\/483682\/revisions\/483713"}],"wp:featuredmedia":[{"embeddable":true,"href":"http:\/\/desarrollo.grupomedios.com\/futbol\/wp-json\/wp\/v2\/media\/483706"}],"wp:attachment":[{"href":"http:\/\/desarrollo.grupomedios.com\/futbol\/wp-json\/wp\/v2\/media?parent=483682"}],"wp:term":[{"taxonomy":"category","embeddable":true,"href":"http:\/\/desarrollo.grupomedios.com\/futbol\/wp-json\/wp\/v2\/categories?post=483682"},{"taxonomy":"post_tag","embeddable":true,"href":"http:\/\/desarrollo.grupomedios.com\/futbol\/wp-json\/wp\/v2\/tags?post=483682"}],"curies":[{"name":"wp","href":"https:\/\/api.w.org\/{rel}","templated":true}]}}