{"id":483684,"date":"2017-06-15T14:03:11","date_gmt":"2017-06-15T19:03:11","guid":{"rendered":"https:\/\/www.futboltotal.com.mx\/?p=483684"},"modified":"2017-06-15T14:03:11","modified_gmt":"2017-06-15T19:03:11","slug":"levante-tendra-dupla-mexicana-campana-2017-18","status":"publish","type":"post","link":"http:\/\/desarrollo.grupomedios.com\/futbol\/futbol-internacional\/levante-tendra-dupla-mexicana-campana-2017-18\/2017\/06","title":{"rendered":"Levante tendr\u00e1 dupla mexicana para campa\u00f1a 2017-18"},"content":{"rendered":"<p>A trav\u00e9s de un comunicado, el <strong>Levante Femenino<\/strong>, donde milita la delantera Charlyn Corral, dio a conocer la llegada de su nuevo refuerzo de procedencia mexicana, la defensa <strong>Greta Rodr\u00edguez<\/strong>, quien se incorpora al equipo para la temporada 2017-18.<\/p>\n<p>\u201cEl <strong>Levante UD Femenino<\/strong> ha incorporado a su plantilla a la mexicana <strong>Greta Espinoza<\/strong>. La defensa de 22 a\u00f1os recala en el conjunto levantinista procedente del Oregon State de Estados Unidos, donde ha jugado en los dos \u00faltimos a\u00f1os. Sus inicios se produjeron en el Estadio Romero Manzo de Tijuana, en 2015 se vincul\u00f3 con el Arizona Western y en 2016 pas\u00f3 a formar parte del Oregon State\u201d, indic\u00f3 el Levante en comunicado.<\/p>\n<p style=\"text-align: center;\"><span style=\"color: #3366ff;\"><a style=\"color: #3366ff;\" href=\"https:\/\/www.futboltotal.com.mx\/2017\/06\/america-repatria-europa-a-pedro-arce-nuevo-refuerzo\/\" target=\"_blank\" rel=\"noopener noreferrer\"><strong>VER M\u00c1S: Am\u00e9rica repatria a legionario europeo<\/strong><\/a><\/span><\/p>\n<blockquote class=\"twitter-tweet\" data-lang=\"es\">\n<p dir=\"ltr\" lang=\"es\">La mexicana Greta Espinoza (<a href=\"https:\/\/twitter.com\/GretaEspinozaC\">@GretaEspinozaC<\/a>) se incorpora al <a href=\"https:\/\/twitter.com\/hashtag\/LevanteUDFemenino?src=hash\">#LevanteUDFemenino<\/a>. \u00a1Bienvenida! <a href=\"https:\/\/t.co\/ceoJfBvjht\">https:\/\/t.co\/ceoJfBvjht<\/a><\/p>\n<p>\u2014 Levante UD Femenino (@LUDfemenino) <a href=\"https:\/\/twitter.com\/LUDfemenino\/status\/875042659441815552\">14 de junio de 2017<\/a><\/p><\/blockquote>\n<p><script async src=\"\/\/platform.twitter.com\/widgets.js\" charset=\"utf-8\"><\/script><\/p>\n<p>El conjunto espa\u00f1ol destaca los reconocimientos y la trayectoria de <strong>Greta Espinoza<\/strong>, quien espera cumplir con las expectativas que se tienen de ella; adem\u00e1s, se declara lista para encarar la oportunidad, y quiere destacar como su compatriota, Charlyn Corral, quien ha sobresalido como una de las mejores jugadoras de la Liga, en varias ocasiones.<\/p>\n<p style=\"text-align: center;\"><span style=\"color: #3366ff;\"><a style=\"color: #3366ff;\" href=\"https:\/\/www.futboltotal.com.mx\/2017\/06\/dirigente-la-real-sociedad-reclama-a-vergara-hablar-mal-carlos-vela\/\" target=\"_blank\" rel=\"noopener noreferrer\"><strong>VER M\u00c1S: Directivo de Real Sociedad reclama a Jorge Vergara por hablar sobre Vela<\/strong><\/a><\/span><\/p>\n<blockquote class=\"twitter-tweet\" data-conversation=\"none\" data-lang=\"es\">\n<p dir=\"ltr\" lang=\"es\">Muy agradecida con la oportunidad &#x1f642; \u00a1Lista para dar todo en la cancha &#x1f4aa;!<\/p>\n<p>\u2014 Greta Espinoza Casas (@GretaEspinozaC) <a href=\"https:\/\/twitter.com\/GretaEspinozaC\/status\/875045791383117832\">14 de junio de 2017<\/a><\/p><\/blockquote>\n<p><script async src=\"\/\/platform.twitter.com\/widgets.js\" charset=\"utf-8\"><\/script><\/p>\n<p style=\"text-align: center;\"><span style=\"color: #3366ff;\"><a style=\"color: #3366ff;\" href=\"https:\/\/www.futboltotal.com.mx\/2017\/06\/chivas-anuncia-jorge-vergara-seguira-sin-hablar-con-medios\/\" target=\"_blank\" rel=\"noopener noreferrer\"><strong>VER M\u00c1S: Jorge Vergara seguir\u00e1 sin hablar frente a medios<\/strong><\/a><\/span><\/p>\n","protected":false},"excerpt":{"rendered":"<p>Greta Rodr\u00edguez es fichada por el Levante Femenil, donde milita Charlyn Corral.<\/p>\n","protected":false},"author":20,"featured_media":483688,"comment_status":"closed","ping_status":"closed","sticky":false,"template":"","format":"standard","meta":[],"categories":[3839,6718],"tags":[5506,6214],"_links":{"self":[{"href":"http:\/\/desarrollo.grupomedios.com\/futbol\/wp-json\/wp\/v2\/posts\/483684"}],"collection":[{"href":"http:\/\/desarrollo.grupomedios.com\/futbol\/wp-json\/wp\/v2\/posts"}],"about":[{"href":"http:\/\/desarrollo.grupomedios.com\/futbol\/wp-json\/wp\/v2\/types\/post"}],"author":[{"embeddable":true,"href":"http:\/\/desarrollo.grupomedios.com\/futbol\/wp-json\/wp\/v2\/users\/20"}],"replies":[{"embeddable":true,"href":"http:\/\/desarrollo.grupomedios.com\/futbol\/wp-json\/wp\/v2\/comments?post=483684"}],"version-history":[{"count":2,"href":"http:\/\/desarrollo.grupomedios.com\/futbol\/wp-json\/wp\/v2\/posts\/483684\/revisions"}],"predecessor-version":[{"id":483690,"href":"http:\/\/desarrollo.grupomedios.com\/futbol\/wp-json\/wp\/v2\/posts\/483684\/revisions\/483690"}],"wp:featuredmedia":[{"embeddable":true,"href":"http:\/\/desarrollo.grupomedios.com\/futbol\/wp-json\/wp\/v2\/media\/483688"}],"wp:attachment":[{"href":"http:\/\/desarrollo.grupomedios.com\/futbol\/wp-json\/wp\/v2\/media?parent=483684"}],"wp:term":[{"taxonomy":"category","embeddable":true,"href":"http:\/\/desarrollo.grupomedios.com\/futbol\/wp-json\/wp\/v2\/categories?post=483684"},{"taxonomy":"post_tag","embeddable":true,"href":"http:\/\/desarrollo.grupomedios.com\/futbol\/wp-json\/wp\/v2\/tags?post=483684"}],"curies":[{"name":"wp","href":"https:\/\/api.w.org\/{rel}","templated":true}]}}