{"id":483700,"date":"2017-06-15T15:01:02","date_gmt":"2017-06-15T20:01:02","guid":{"rendered":"https:\/\/www.futboltotal.com.mx\/?p=483700"},"modified":"2017-06-15T15:01:02","modified_gmt":"2017-06-15T20:01:02","slug":"nuevo-arquero-del-everton-tercero-caro-la-historia","status":"publish","type":"post","link":"http:\/\/desarrollo.grupomedios.com\/futbol\/futbol-internacional\/nuevo-arquero-del-everton-tercero-caro-la-historia\/2017\/06","title":{"rendered":"Nuevo arquero del Everton el tercero m\u00e1s caro de la historia"},"content":{"rendered":"<p>El guardameta ingl\u00e9s <strong>Jordan Pickford<\/strong> se convirti\u00f3 en el tercer guardameta m\u00e1s caro de la historia, por detr\u00e1s de <a href=\"https:\/\/www.futboltotal.com.mx\/2017\/06\/tonto-del-real-madrid-trofeos-buffon\/\" target=\"_blank\" rel=\"noopener noreferrer\"><span style=\"color: #333399;\"><strong>Gianluigi Buffon<\/strong> <\/span><\/a>y <strong>Ederson<\/strong>. <strong>Pickford<\/strong> pas\u00f3 del <strong>Sunderland<\/strong> al <strong>Everton<\/strong> de la <strong>Premier League<\/strong> por la cantidad de 24 millones de euros.<\/p>\n<p>El cancerbero de 23 a\u00f1os de edad, firm\u00f3 contrato por las pr\u00f3ximas cinco temporadas, transacci\u00f3n que dejar\u00e1 a las arcas del <strong>Sunderland<\/strong> 34 millones de euros. Los 25 millones fijos y cinco variables que cost\u00f3 el joven arquero, lo convierten en el tercero m\u00e1s caro de la historia, luego de que <a href=\"https:\/\/www.futboltotal.com.mx\/2017\/06\/juventus-ya-tendria-listo-al-sucesor-de-buffon\/\" target=\"_blank\" rel=\"noopener noreferrer\"><span style=\"color: #333399;\"><em>Gigi<\/em><\/span><\/a> firmara en 2001 con la <a href=\"https:\/\/www.futboltotal.com.mx\/2017\/06\/andres-iniesta-rechazo-firmar-la-juventus\/\" target=\"_blank\" rel=\"noopener noreferrer\"><span style=\"color: #333399;\"><em>Vecchia Signora del Calcio<\/em><\/span><\/a>, y de <strong>Ederson<\/strong>, quien fich\u00f3 con el <a href=\"https:\/\/www.futboltotal.com.mx\/2017\/06\/manchester-united-ya-primer-refuerzo\/\" target=\"_blank\" rel=\"noopener noreferrer\"><span style=\"color: #333399;\"><strong>Manchester United<\/strong><\/span><\/a>.<\/p>\n<p style=\"text-align: center;\"><a href=\"https:\/\/www.futboltotal.com.mx\/2017\/06\/cuatro-cambios-en-confederaciones-van-basten\/\" target=\"_blank\" rel=\"noopener noreferrer\"><span style=\"color: #333399;\">\u00a0VER M\u00c1S:\u00a0Hasta cuatro cambios en Copa Confederaciones: Van Basten<\/span><\/a><\/p>\n<blockquote class=\"twitter-tweet\" data-lang=\"es\">\n<p dir=\"ltr\" lang=\"en\">&#x1f64c;&#x1f3fc; | <a href=\"https:\/\/twitter.com\/hashtag\/EFC?src=hash\">#EFC<\/a> have signed goalkeeper Jordan Pickford for a Club-record fee on a 5-year deal! <a href=\"https:\/\/twitter.com\/hashtag\/WelcomeJordan?src=hash\">#WelcomeJordan<\/a><a href=\"https:\/\/t.co\/sozzcEO86r\">https:\/\/t.co\/sozzcEO86r<\/a> <a href=\"https:\/\/t.co\/2bSCRfL0Wa\">pic.twitter.com\/2bSCRfL0Wa<\/a><\/p>\n<p>\u2014 Everton (@Everton) <a href=\"https:\/\/twitter.com\/Everton\/status\/875375126002499588\">15 de junio de 2017<\/a><\/p><\/blockquote>\n<p><script async src=\"\/\/platform.twitter.com\/widgets.js\" charset=\"utf-8\"><\/script><\/p>\n<p>\u201cEs maravilloso fichar por un club como el Everton. La pasada temporada fue mi primera en la Premier League, por lo que tener esta oportunidad ahora y poder avanzar en mi carrera es algo incre\u00edble. Llego a un grand\u00edsimo equipo y tengo una oportunidad perfecta para demostrar de lo que soy capaz\u201d, declar\u00f3 <strong>Pickford<\/strong>.<\/p>\n<p style=\"text-align: center;\"><a href=\"https:\/\/www.futboltotal.com.mx\/2017\/06\/crack-retro-copa-confederaciones-gabriel-batistuta\/\" target=\"_blank\" rel=\"noopener noreferrer\"><span style=\"color: #333399;\">VER M\u00c1S:\u00a0El crack retro de Copa Confederaciones: Gabriel Batistuta<\/span><\/a><\/p>\n<p>Pese al descenso de los <em>Black Cats<\/em>, <strong>Pickford<\/strong> disput\u00f3 32 encuentros de <strong>Premier League<\/strong> con el <strong>Sunderland<\/strong>.<\/p>\n","protected":false},"excerpt":{"rendered":"<p>Pickford se ubica s\u00f3lo por detr\u00e1s de Gianluigi Buffon y Ederson<\/p>\n","protected":false},"author":20,"featured_media":483703,"comment_status":"closed","ping_status":"closed","sticky":false,"template":"","format":"standard","meta":[],"categories":[7740,3839],"tags":[9022,8857,219,6027,9021,5999,43,4934,334,2126,9023],"_links":{"self":[{"href":"http:\/\/desarrollo.grupomedios.com\/futbol\/wp-json\/wp\/v2\/posts\/483700"}],"collection":[{"href":"http:\/\/desarrollo.grupomedios.com\/futbol\/wp-json\/wp\/v2\/posts"}],"about":[{"href":"http:\/\/desarrollo.grupomedios.com\/futbol\/wp-json\/wp\/v2\/types\/post"}],"author":[{"embeddable":true,"href":"http:\/\/desarrollo.grupomedios.com\/futbol\/wp-json\/wp\/v2\/users\/20"}],"replies":[{"embeddable":true,"href":"http:\/\/desarrollo.grupomedios.com\/futbol\/wp-json\/wp\/v2\/comments?post=483700"}],"version-history":[{"count":1,"href":"http:\/\/desarrollo.grupomedios.com\/futbol\/wp-json\/wp\/v2\/posts\/483700\/revisions"}],"predecessor-version":[{"id":483704,"href":"http:\/\/desarrollo.grupomedios.com\/futbol\/wp-json\/wp\/v2\/posts\/483700\/revisions\/483704"}],"wp:featuredmedia":[{"embeddable":true,"href":"http:\/\/desarrollo.grupomedios.com\/futbol\/wp-json\/wp\/v2\/media\/483703"}],"wp:attachment":[{"href":"http:\/\/desarrollo.grupomedios.com\/futbol\/wp-json\/wp\/v2\/media?parent=483700"}],"wp:term":[{"taxonomy":"category","embeddable":true,"href":"http:\/\/desarrollo.grupomedios.com\/futbol\/wp-json\/wp\/v2\/categories?post=483700"},{"taxonomy":"post_tag","embeddable":true,"href":"http:\/\/desarrollo.grupomedios.com\/futbol\/wp-json\/wp\/v2\/tags?post=483700"}],"curies":[{"name":"wp","href":"https:\/\/api.w.org\/{rel}","templated":true}]}}