{"id":483707,"date":"2017-06-15T15:37:15","date_gmt":"2017-06-15T20:37:15","guid":{"rendered":"https:\/\/www.futboltotal.com.mx\/?p=483707"},"modified":"2017-06-15T15:37:15","modified_gmt":"2017-06-15T20:37:15","slug":"atlas-presenta-refuerzos-para-el-apertura","status":"publish","type":"post","link":"http:\/\/desarrollo.grupomedios.com\/futbol\/futbol-mexicano\/atlas-presenta-refuerzos-para-el-apertura\/2017\/06","title":{"rendered":"Atlas present\u00f3 a sus refuerzos para el Apertura 2017"},"content":{"rendered":"<p><em>Los Rojinegros<\/em> del <a href=\"https:\/\/www.futboltotal.com.mx\/2017\/06\/erpen-regresa-al-atlas-para-el-apertura\/\" target=\"_blank\" rel=\"noopener noreferrer\"><span style=\"color: #333399;\"><strong>Atlas<\/strong><\/span><\/a> presentaron a <a href=\"https:\/\/www.futboltotal.com.mx\/2017\/05\/milton-caraglio-nuevo-jugador-del-atlas\/\" target=\"_blank\" rel=\"noopener noreferrer\"><span style=\"color: #333399;\"><strong>Milton Caraglio<\/strong><\/span><\/a> y <strong>Uvaldo Luna<\/strong>, refuerzos para el <strong>Apertura 2017<\/strong>.<\/p>\n<p>Durante su presentaci\u00f3n, el delantero argentino asegur\u00f3 que buscar\u00e1 hacer buena mancuerna con el <em>Chavo<\/em><strong> Alustiza<\/strong>.<\/p>\n<p style=\"text-align: center;\"><a href=\"https:\/\/www.futboltotal.com.mx\/2017\/06\/chivas-quiere-sus-aficionados-se-tatuen-almeyda\/\" target=\"_blank\" rel=\"noopener noreferrer\"><span style=\"color: #333399;\">VER M\u00c1S:\u00a0Chivas quiere que sus aficionados se tat\u00faen como Almeyda<\/span><\/a><\/p>\n<p>\u201cNo, porque cada que me puse metas, fue cuando menos convert\u00eda. Cuando llegu\u00e9 me lo hab\u00edan preguntado y espero ayudar mucho al grupo. Mi idea es hacer la mayor cantidad de goles y complemetarme bien con Mat\u00edas\u201d.<\/p>\n<p>\u201cEstoy muy contento con la oportunidad y la confianza que me dio la dirigencia. Felix de estar en una instituci\u00f3n como Atlas. Todo fue por redes sociales, todo se public\u00f3 ah\u00ed, pero cuando tuve la oportunidad de saberlo en concreto, estube muy feliz, m\u00e1s all\u00e1 de que en Tijuana estuve bien y me brindaron su cari\u00f1o. Tuve coma\u00f1eros que jugaron ac\u00e1 y que me comentaron que la ciudad es hermosa\u201d.<\/p>\n<p style=\"text-align: center;\"><a href=\"https:\/\/www.futboltotal.com.mx\/2017\/06\/equipos-la-bundesliga-se-interesan-en-marco-fabian\/\" target=\"_blank\" rel=\"noopener noreferrer\"><span style=\"color: #333399;\">VER M\u00c1S:Equipos de la Bundesliga se interesan en Marco Fabi\u00e1n<\/span><\/a><\/p>\n<p>&nbsp;<\/p>\n<blockquote class=\"twitter-tweet\" data-lang=\"es\">\n<p dir=\"ltr\" lang=\"es\"><a href=\"https:\/\/twitter.com\/hashtag\/Galer%C3%ADa?src=hash\">#Galer\u00eda<\/a> &#x1f4f8; Checa las mejores im\u00e1genes de la presentaci\u00f3n de Milton Caraglio y Uvaldo Luna como Rojinegros.<br \/>\n\u27a1\ufe0f <a href=\"https:\/\/t.co\/ayMl0j6zNz\">https:\/\/t.co\/ayMl0j6zNz<\/a> <a href=\"https:\/\/t.co\/w9fL4AXrhF\">pic.twitter.com\/w9fL4AXrhF<\/a><\/p>\n<p>\u2014 Atlas FC (@atlasfc) <a href=\"https:\/\/twitter.com\/atlasfc\/status\/875413922282602500\">15 de junio de 2017<\/a><\/p><\/blockquote>\n<p><script async src=\"\/\/platform.twitter.com\/widgets.js\" charset=\"utf-8\"><\/script><\/p>\n<p>Por otra parte, <strong>Uvaldo Luna<\/strong>, se dijo contento de llegar a los <a href=\"https:\/\/www.futboltotal.com.mx\/2017\/06\/africano-en-la-liga-mx\/\" target=\"_blank\" rel=\"noopener noreferrer\"><span style=\"color: #333399;\"><em>Zorros<\/em> <\/span><\/a>y desea de cosechar triunfos con el club.<\/p>\n<p>\u201cCreo que es una gran oportunidad para m\u00ed en lo personal. Vengo con las ganas de que Atlas est\u00e9 en la cima. Estoy contento de estar aqu\u00ed, voy a dar lo mejor de m\u00ed y que Atlas est\u00e9 arriba\u201d.<\/p>\n","protected":false},"excerpt":{"rendered":"<p>Los Zorros presentaron a sus nuevos refuerzos, Caraglio y Luna, para el pr\u00f3ximo Torneo.<\/p>\n","protected":false},"author":20,"featured_media":483709,"comment_status":"closed","ping_status":"closed","sticky":false,"template":"","format":"standard","meta":[],"categories":[2198,3845],"tags":[8357,5961,710,9024,1805,475,8605,3154],"_links":{"self":[{"href":"http:\/\/desarrollo.grupomedios.com\/futbol\/wp-json\/wp\/v2\/posts\/483707"}],"collection":[{"href":"http:\/\/desarrollo.grupomedios.com\/futbol\/wp-json\/wp\/v2\/posts"}],"about":[{"href":"http:\/\/desarrollo.grupomedios.com\/futbol\/wp-json\/wp\/v2\/types\/post"}],"author":[{"embeddable":true,"href":"http:\/\/desarrollo.grupomedios.com\/futbol\/wp-json\/wp\/v2\/users\/20"}],"replies":[{"embeddable":true,"href":"http:\/\/desarrollo.grupomedios.com\/futbol\/wp-json\/wp\/v2\/comments?post=483707"}],"version-history":[{"count":1,"href":"http:\/\/desarrollo.grupomedios.com\/futbol\/wp-json\/wp\/v2\/posts\/483707\/revisions"}],"predecessor-version":[{"id":483711,"href":"http:\/\/desarrollo.grupomedios.com\/futbol\/wp-json\/wp\/v2\/posts\/483707\/revisions\/483711"}],"wp:featuredmedia":[{"embeddable":true,"href":"http:\/\/desarrollo.grupomedios.com\/futbol\/wp-json\/wp\/v2\/media\/483709"}],"wp:attachment":[{"href":"http:\/\/desarrollo.grupomedios.com\/futbol\/wp-json\/wp\/v2\/media?parent=483707"}],"wp:term":[{"taxonomy":"category","embeddable":true,"href":"http:\/\/desarrollo.grupomedios.com\/futbol\/wp-json\/wp\/v2\/categories?post=483707"},{"taxonomy":"post_tag","embeddable":true,"href":"http:\/\/desarrollo.grupomedios.com\/futbol\/wp-json\/wp\/v2\/tags?post=483707"}],"curies":[{"name":"wp","href":"https:\/\/api.w.org\/{rel}","templated":true}]}}