{"id":483719,"date":"2017-06-15T16:07:45","date_gmt":"2017-06-15T21:07:45","guid":{"rendered":"https:\/\/www.futboltotal.com.mx\/?p=483719"},"modified":"2017-06-15T16:07:45","modified_gmt":"2017-06-15T21:07:45","slug":"hijo-cristiano-ronaldo-los-balones-oro-padre","status":"publish","type":"post","link":"http:\/\/desarrollo.grupomedios.com\/futbol\/cambio-de-juego\/hijo-cristiano-ronaldo-los-balones-oro-padre\/2017\/06","title":{"rendered":"\u00bfQu\u00e9 hace el hijo de Cristiano Ronaldo con los balones de oro de su padre?"},"content":{"rendered":"<p><strong>Cristiano Ronaldo<\/strong> es alguien muy celoso de sus trofeos, sobre todo su s Balones de Oro, que tanto trabajo le ha costado arrebatarle a <strong>Messi<\/strong>.<\/p>\n<p>En el m\u00e1s reciente comercial de\u00a0empresa portuguesa de telecomunicaciones que patrocina al futbolista del <strong>Real Madrid<\/strong> se puede ver un poco de lo que &#8216;sucede&#8217; en la casa de Ronaldo.<\/p>\n<p style=\"text-align: center;\"><span style=\"color: #333399;\"><a style=\"color: #333399;\" href=\"https:\/\/www.futboltotal.com.mx\/2017\/06\/tevez-esta-harto-de-riquelme\/\" target=\"_blank\" rel=\"noopener noreferrer\">VER M\u00c1S: Carlos Tevez explota contra Riquelme<\/a><\/span><\/p>\n<p>En el comercial se puede ver a <strong>Cristiano Ronaldo<\/strong> vigilando exhaustivamente sus trofeos, mirando feliz como les quitan el polvo de encima. Sin embargo, poco despu\u00e9s, recibe una notificaci\u00f3n ene su tel\u00e9fono que le avisa de un objeto (Un Bal\u00f3n de Oro) que ha pasado\u00a0el sensor de rastreo que tiene instalado.<\/p>\n<p>Posteriormente se ve al hijo de <strong>Cristiano Ronaldo<\/strong> usar dos Balones de Oro como porter\u00eda improvisada.<\/p>\n<p><iframe loading=\"lazy\" src=\"https:\/\/www.youtube.com\/embed\/4xzxG0Iucwg?feature=oembed\" frameborder=\"0\" allowfullscreen><\/iframe><\/p>\n<p>&nbsp;<\/p>\n<p style=\"text-align: center;\"><span style=\"color: #333399;\"><a style=\"color: #333399;\" href=\"https:\/\/www.futboltotal.com.mx\/2017\/06\/dirigente-la-real-sociedad-reclama-a-vergara-hablar-mal-carlos-vela\/\" target=\"_blank\" rel=\"noopener noreferrer\">VER M\u00c1S: En la Real Sociedad se molestaron con Jorge Vergara<\/a><\/span><\/p>\n","protected":false},"excerpt":{"rendered":"<p>El astro portugu\u00e9s es muy cuidadoso y celoso con sus preciados galardones<\/p>\n","protected":false},"author":20,"featured_media":477554,"comment_status":"closed","ping_status":"closed","sticky":false,"template":"","format":"standard","meta":[],"categories":[5419],"tags":[6013,715,5988],"_links":{"self":[{"href":"http:\/\/desarrollo.grupomedios.com\/futbol\/wp-json\/wp\/v2\/posts\/483719"}],"collection":[{"href":"http:\/\/desarrollo.grupomedios.com\/futbol\/wp-json\/wp\/v2\/posts"}],"about":[{"href":"http:\/\/desarrollo.grupomedios.com\/futbol\/wp-json\/wp\/v2\/types\/post"}],"author":[{"embeddable":true,"href":"http:\/\/desarrollo.grupomedios.com\/futbol\/wp-json\/wp\/v2\/users\/20"}],"replies":[{"embeddable":true,"href":"http:\/\/desarrollo.grupomedios.com\/futbol\/wp-json\/wp\/v2\/comments?post=483719"}],"version-history":[{"count":1,"href":"http:\/\/desarrollo.grupomedios.com\/futbol\/wp-json\/wp\/v2\/posts\/483719\/revisions"}],"predecessor-version":[{"id":483720,"href":"http:\/\/desarrollo.grupomedios.com\/futbol\/wp-json\/wp\/v2\/posts\/483719\/revisions\/483720"}],"wp:featuredmedia":[{"embeddable":true,"href":"http:\/\/desarrollo.grupomedios.com\/futbol\/wp-json\/wp\/v2\/media\/477554"}],"wp:attachment":[{"href":"http:\/\/desarrollo.grupomedios.com\/futbol\/wp-json\/wp\/v2\/media?parent=483719"}],"wp:term":[{"taxonomy":"category","embeddable":true,"href":"http:\/\/desarrollo.grupomedios.com\/futbol\/wp-json\/wp\/v2\/categories?post=483719"},{"taxonomy":"post_tag","embeddable":true,"href":"http:\/\/desarrollo.grupomedios.com\/futbol\/wp-json\/wp\/v2\/tags?post=483719"}],"curies":[{"name":"wp","href":"https:\/\/api.w.org\/{rel}","templated":true}]}}