{"id":483721,"date":"2017-06-15T16:26:26","date_gmt":"2017-06-15T21:26:26","guid":{"rendered":"https:\/\/www.futboltotal.com.mx\/?p=483721"},"modified":"2017-06-15T16:26:26","modified_gmt":"2017-06-15T21:26:26","slug":"salcedo-tiene-la-formula-para-vencer-a-portugal","status":"publish","type":"post","link":"http:\/\/desarrollo.grupomedios.com\/futbol\/futbol-mexicano\/seleccion-mexicana\/salcedo-tiene-la-formula-para-vencer-a-portugal\/2017\/06","title":{"rendered":"El &#8220;Tit\u00e1n&#8221; Salcedo tiene la f\u00f3rmula para vencer a Portugal"},"content":{"rendered":"<p><a href=\"https:\/\/www.futboltotal.com.mx\/2017\/06\/salcedo-se-une-a-fabian-en-eintracht-frankfurt\/\" target=\"_blank\" rel=\"noopener noreferrer\"><span style=\"color: #333399;\"><strong>Carlos Salcedo<\/strong><\/span><\/a>, jugador reci\u00e9n adquirido por el <strong>Eintracht Frankfurt<\/strong>, report\u00f3 con la <a href=\"https:\/\/www.futboltotal.com.mx\/2017\/06\/angel-zaldivar-no-jugara-copa-oro-por-problemas-musculares\/\" target=\"_blank\" rel=\"noopener noreferrer\"><span style=\"color: #333399;\"><strong>Selecci\u00f3n Mexicana<\/strong><\/span><\/a> tras haber viajado a <strong>Alemania<\/strong> para cerrar su pase. El <em>Tit\u00e1n<\/em> tiene la f\u00f3rmula secreta para que el conjunto dirigido por <a href=\"https:\/\/www.futboltotal.com.mx\/2017\/06\/hugo-sanchez-ataca-osorio-conmigo-tri-campeon-con-el-no\/\" target=\"_blank\" rel=\"noopener noreferrer\"><span style=\"color: #333399;\"><strong>Juan Carlos Osorio<\/strong><\/span><\/a> se lleve la victoria ante <strong>Portugal<\/strong>.<\/p>\n<p>\u201cMis compa\u00f1eros me pueden ayudar a tener buena posesi\u00f3n de bal\u00f3n. Es lo m\u00e1s importante porque as\u00ed correremos menos y defenderemos menos. Mis compa\u00f1eros van a salir bien enchufados\u201d, dijo el central mexicano al t\u00e9rmino de la pr\u00e1ctica matutina.<\/p>\n<p style=\"text-align: center;\"><a href=\"https:\/\/www.futboltotal.com.mx\/2017\/06\/america-repatria-europa-a-pedro-arce-nuevo-refuerzo\/\" target=\"_blank\" rel=\"noopener noreferrer\"><span style=\"color: #333399;\">VER M\u00c1S:\u00a0\u00a1Am\u00e9rica repatria de Europa a Pedro Arce, su nuevo refuerzo!<\/span><\/a><\/p>\n<p>Por \u00faltimo, <strong>Salcedo<\/strong> asever\u00f3 que <strong>M\u00e9xico<\/strong> no debe salir como v\u00edctima ni mucho menos, pues entiende que el rival es complicado y tambi\u00e9n ha estudiado a la perfeccci\u00f3n al <em>Tricolor<\/em>.<\/p>\n<p>\u201cEspero un Portugal que ir\u00e1 a todo. Tambi\u00e9n nos ha estado viendo porque hemos hecho grandes cosas en el \u00faltimo par de a\u00f1os, y pienso que el equipo se ha ganado ese respeto internacional. Hay que salir bien enchufados\u201d.<\/p>\n<p style=\"text-align: center;\"><a href=\"https:\/\/www.futboltotal.com.mx\/2017\/06\/nuevo-uniforme-del-real-madrid-llega-a-mexico-en-tienda-oficial\/\" target=\"_blank\" rel=\"noopener noreferrer\"><span style=\"color: #333399;\">VER M\u00c1S:\u00a0El nuevo uniforme del Real Madrid llega a M\u00e9xico en su tienda oficial<\/span><\/a><\/p>\n","protected":false},"excerpt":{"rendered":"<p>El Tit\u00e1n Salcedo sabe c\u00f3mo derrotar a la Selecci\u00f3n de Portugal de Cristiano Ronaldo<\/p>\n","protected":false},"author":20,"featured_media":483729,"comment_status":"closed","ping_status":"closed","sticky":false,"template":"","format":"standard","meta":[],"categories":[3868,3847],"tags":[6000,119,6013,3588,6196,65,715,3371,9025,397],"_links":{"self":[{"href":"http:\/\/desarrollo.grupomedios.com\/futbol\/wp-json\/wp\/v2\/posts\/483721"}],"collection":[{"href":"http:\/\/desarrollo.grupomedios.com\/futbol\/wp-json\/wp\/v2\/posts"}],"about":[{"href":"http:\/\/desarrollo.grupomedios.com\/futbol\/wp-json\/wp\/v2\/types\/post"}],"author":[{"embeddable":true,"href":"http:\/\/desarrollo.grupomedios.com\/futbol\/wp-json\/wp\/v2\/users\/20"}],"replies":[{"embeddable":true,"href":"http:\/\/desarrollo.grupomedios.com\/futbol\/wp-json\/wp\/v2\/comments?post=483721"}],"version-history":[{"count":1,"href":"http:\/\/desarrollo.grupomedios.com\/futbol\/wp-json\/wp\/v2\/posts\/483721\/revisions"}],"predecessor-version":[{"id":483730,"href":"http:\/\/desarrollo.grupomedios.com\/futbol\/wp-json\/wp\/v2\/posts\/483721\/revisions\/483730"}],"wp:featuredmedia":[{"embeddable":true,"href":"http:\/\/desarrollo.grupomedios.com\/futbol\/wp-json\/wp\/v2\/media\/483729"}],"wp:attachment":[{"href":"http:\/\/desarrollo.grupomedios.com\/futbol\/wp-json\/wp\/v2\/media?parent=483721"}],"wp:term":[{"taxonomy":"category","embeddable":true,"href":"http:\/\/desarrollo.grupomedios.com\/futbol\/wp-json\/wp\/v2\/categories?post=483721"},{"taxonomy":"post_tag","embeddable":true,"href":"http:\/\/desarrollo.grupomedios.com\/futbol\/wp-json\/wp\/v2\/tags?post=483721"}],"curies":[{"name":"wp","href":"https:\/\/api.w.org\/{rel}","templated":true}]}}