{"id":483792,"date":"2017-06-15T21:55:31","date_gmt":"2017-06-16T02:55:31","guid":{"rendered":"https:\/\/www.futboltotal.com.mx\/?p=483792"},"modified":"2017-06-15T21:55:31","modified_gmt":"2017-06-16T02:55:31","slug":"la-segunda-division-cambia-nombre-e-imagen","status":"publish","type":"post","link":"http:\/\/desarrollo.grupomedios.com\/futbol\/futbol-mexicano\/la-segunda-division-cambia-nombre-e-imagen\/2017\/06","title":{"rendered":"\u00a1La Segunda Divisi\u00f3n cambia de nombre e imagen!"},"content":{"rendered":"<p>En conferencia de prensa celebrada en Canc\u00fan, Decio de Mar\u00eda y los titulares de la <strong>Segunda Divisi\u00f3n<\/strong>, anunciaron el cambio de imagen, nombre y sistema de competencia de la categor\u00eda, de cara a la temporada 2017-2018. El objetivo es que en el proceso del desarrollo deportivo, tambi\u00e9n se capacite a todos los equipos, de manera que tengan una estructura profesional completa, es decir, contar con \u00e1reas de mercadot\u00e9cnia, comunicaci\u00f3n, entre otras.<\/p>\n<blockquote class=\"twitter-tweet\" data-lang=\"es\">\n<p dir=\"ltr\" lang=\"es\"><a href=\"https:\/\/twitter.com\/hashtag\/Presentaci%C3%B3nLigaPremier?src=hash\">#Presentaci\u00f3nLigaPremier<\/a> <a href=\"https:\/\/twitter.com\/deciodemaria\">@deciodemaria<\/a>, Presidente de la <a href=\"https:\/\/twitter.com\/FMF\">@FMF<\/a> nos acompa\u00f1a esta noche en la presentaci\u00f3n de nuestra nueva Liga. <a href=\"https:\/\/t.co\/NsC7cBKWO3\">pic.twitter.com\/NsC7cBKWO3<\/a><\/p>\n<p>\u2014 Liga Premier FMF (@LigaPremier_FMF) <a href=\"https:\/\/twitter.com\/LigaPremier_FMF\/status\/875528974981574656\">16 de junio de 2017<\/a><\/p><\/blockquote>\n<p><script async src=\"\/\/platform.twitter.com\/widgets.js\" charset=\"utf-8\"><\/script><\/p>\n<p style=\"text-align: center;\"><span style=\"color: #3366ff;\"><a style=\"color: #3366ff;\" href=\"https:\/\/www.futboltotal.com.mx\/2017\/06\/ronaldo-cordoba-hara-pretemporada-rayados\/\" target=\"_blank\" rel=\"noopener noreferrer\"><strong>VER M\u00c1S: Ronaldo har\u00e1 pretemporada con Rayados<\/strong><\/a><\/span><\/p>\n<p>La <strong>Segunda Divisi\u00f3n<\/strong> ahora recibir\u00e1 el nombre de Liga Premier, y en cuanto a su separaci\u00f3n habitual, \u00e9sta se mantendr\u00e1, pero ahora como Serie A y Serie B. Los equipos que participen en la categor\u00eda m\u00e1s alta, ser\u00e1n los que cuenten con infraestructura y proyecto para poder ascender; ser\u00e1n dos grupos de 18 equipos, en donde participar\u00e1n las filiales de los clubes de Liga MX.<\/p>\n<p>La Serie B contar\u00e1 con clubes en proceso de proyectos con ambici\u00f3n de jugar en el Ascenso MX y con equipos que est\u00e9n m\u00e1s interesados en la formaci\u00f3n de jugadores. Tambi\u00e9n tendr\u00e1 dos grupos de 18 participantes.<\/p>\n<p style=\"text-align: center;\"><span style=\"color: #3366ff;\"><a style=\"color: #3366ff;\" href=\"https:\/\/www.futboltotal.com.mx\/2017\/06\/miguel-layun-se-convierte-en-auxiliar-de-juan-carlos-osorio\/\" target=\"_blank\" rel=\"noopener noreferrer\"><strong>VER M\u00c1S: Lay\u00fan se convierte en &#8216;auxiliar&#8217; de Juan Carlos Osorio<\/strong><\/a><\/span><\/p>\n<blockquote class=\"twitter-video\" data-lang=\"es\">\n<p dir=\"ltr\" lang=\"es\">Con mucho orgullo les presentamos nuestro nuevo logo.. \u00a1El logo de la <a href=\"https:\/\/twitter.com\/hashtag\/LigaPremier?src=hash\">#LigaPremier<\/a>! &#x1f64c;&#x1f51d;&#x1f44f;&#x1f44f;&#x1f44f;&#x1f44f;&#x1f44f;&#x1f389;&#x1f389; <a href=\"https:\/\/t.co\/LfAprcivDR\">pic.twitter.com\/LfAprcivDR<\/a><\/p>\n<p>\u2014 Liga Premier FMF (@LigaPremier_FMF) <a href=\"https:\/\/twitter.com\/LigaPremier_FMF\/status\/875525815504695296\">16 de junio de 2017<\/a><\/p><\/blockquote>\n<p><script async src=\"\/\/platform.twitter.com\/widgets.js\" charset=\"utf-8\"><\/script><\/p>\n<p>El evento fue conducido por el comentarista R\u00e1ul Sarmiento, y Ale Chen, conductora que ha estado en eventos de la <strong>Segunda Divisi\u00f3n<\/strong> desde hace casi cuatro a\u00f1os.<\/p>\n<p><iframe loading=\"lazy\" style=\"border: none; overflow: hidden;\" src=\"https:\/\/www.facebook.com\/plugins\/video.php?href=https%3A%2F%2Fwww.facebook.com%2FLigaPremierFMF%2Fvideos%2F1564895723551884%2F&amp;show_text=0&amp;width=560\" frameborder=\"0\" scrolling=\"no\" allowfullscreen=\"allowfullscreen\"><\/iframe><\/p>\n<p style=\"text-align: center;\"><span style=\"color: #3366ff;\"><a style=\"color: #3366ff;\" href=\"https:\/\/www.futboltotal.com.mx\/2017\/06\/gustavo-matosas-volvera-a-mexico-tras-renunciar-en-paraguay\/\" target=\"_blank\" rel=\"noopener noreferrer\"><strong>VER M\u00c1S: Matosas regresa a M\u00e9xico tras renunciar a Cerro Porte\u00f1o<\/strong><\/a><\/span><\/p>\n","protected":false},"excerpt":{"rendered":"<p>Ahora se llamar\u00e1 Liga Premier, donde se presenta la nueva forma de competencia.<\/p>\n","protected":false},"author":20,"featured_media":483793,"comment_status":"closed","ping_status":"closed","sticky":false,"template":"","format":"standard","meta":[],"categories":[2198],"tags":[8357,1194],"_links":{"self":[{"href":"http:\/\/desarrollo.grupomedios.com\/futbol\/wp-json\/wp\/v2\/posts\/483792"}],"collection":[{"href":"http:\/\/desarrollo.grupomedios.com\/futbol\/wp-json\/wp\/v2\/posts"}],"about":[{"href":"http:\/\/desarrollo.grupomedios.com\/futbol\/wp-json\/wp\/v2\/types\/post"}],"author":[{"embeddable":true,"href":"http:\/\/desarrollo.grupomedios.com\/futbol\/wp-json\/wp\/v2\/users\/20"}],"replies":[{"embeddable":true,"href":"http:\/\/desarrollo.grupomedios.com\/futbol\/wp-json\/wp\/v2\/comments?post=483792"}],"version-history":[{"count":1,"href":"http:\/\/desarrollo.grupomedios.com\/futbol\/wp-json\/wp\/v2\/posts\/483792\/revisions"}],"predecessor-version":[{"id":483794,"href":"http:\/\/desarrollo.grupomedios.com\/futbol\/wp-json\/wp\/v2\/posts\/483792\/revisions\/483794"}],"wp:featuredmedia":[{"embeddable":true,"href":"http:\/\/desarrollo.grupomedios.com\/futbol\/wp-json\/wp\/v2\/media\/483793"}],"wp:attachment":[{"href":"http:\/\/desarrollo.grupomedios.com\/futbol\/wp-json\/wp\/v2\/media?parent=483792"}],"wp:term":[{"taxonomy":"category","embeddable":true,"href":"http:\/\/desarrollo.grupomedios.com\/futbol\/wp-json\/wp\/v2\/categories?post=483792"},{"taxonomy":"post_tag","embeddable":true,"href":"http:\/\/desarrollo.grupomedios.com\/futbol\/wp-json\/wp\/v2\/tags?post=483792"}],"curies":[{"name":"wp","href":"https:\/\/api.w.org\/{rel}","templated":true}]}}