{"id":483798,"date":"2017-06-16T09:18:07","date_gmt":"2017-06-16T14:18:07","guid":{"rendered":"https:\/\/www.futboltotal.com.mx\/?p=483798"},"modified":"2017-06-16T12:38:41","modified_gmt":"2017-06-16T17:38:41","slug":"cristiano-ronaldo-quiere-irse-espana","status":"publish","type":"post","link":"http:\/\/desarrollo.grupomedios.com\/futbol\/futbol-internacional\/cristiano-ronaldo-quiere-irse-espana\/2017\/06","title":{"rendered":"\u00a1Cristiano Ronaldo quiere salir del Real Madrid!"},"content":{"rendered":"<p>El futbolista del <strong>Real Madrid<\/strong>, <strong>Cristiano Ronaldo<\/strong>, quiere abandonar el club luego de ser acusado por el ministerio fiscal de defraudar <strong>14.7 millones de euros<\/strong> \u00a0al fisco espa\u00f1ol, a pesar que tiene contrato vigente hasta 2021.<\/p>\n<p>De acuerdo con el diario portugu\u00e9s <em>A Bola\u00a0<\/em>el jugador estar\u00eda <strong>&#8220;muy indignado&#8221;<\/strong> por lo relacionado con el proceso del cual es investigado. Incluso, esta decisi\u00f3n se la habr\u00eda comentado al presidente del <strong>Real Madrid<\/strong>, Florentino P\u00e9rez.<\/p>\n<p style=\"text-align: center;\"><span style=\"color: #333399;\"><a style=\"color: #333399;\" href=\"https:\/\/www.futboltotal.com.mx\/2017\/06\/posible-uniforme-cruz-azul-apertura-2017\/\" target=\"_blank\" rel=\"noopener noreferrer\">VER M\u00c1S: Este ser\u00eda el uniforme de Cruz Azul para el Apertura 2017<\/a><\/span><\/p>\n<p>&nbsp;<\/p>\n<p>El diario asegura que <strong>Cristiano Ronaldo<\/strong> est\u00e1 interesado en la liga inglesa, francesa, italiana y tambi\u00e9n en la china. Un c\u00edrculo \u00edntimo del portugu\u00e9s, habr\u00eda comentado al diario que no quiere ser &#8220;v\u00edctima de persecuci\u00f3n&#8221;.<\/p>\n<p>Esta decisi\u00f3n de abandonar Espa\u00f1a podr\u00eda haberse tomada hace dos o tres meses y se har\u00eda p\u00fablica despu\u00e9s de la <strong>Copa Confederaciones<\/strong> y las vacaciones que Ronaldo tomar\u00e1.<\/p>\n<p><a href=\"https:\/\/www.futboltotal.com.mx\/wp-content\/uploads\/2017\/06\/a-bola.jpg\"><img decoding=\"async\" loading=\"lazy\" class=\"alignnone size-full wp-image-483799\" src=\"https:\/\/www.futboltotal.com.mx\/wp-content\/uploads\/2017\/06\/a-bola.jpg\" alt=\"\u00a1Cristiano Ronaldo quiere salir del Real Madrid! 0\" srcset=\"http:\/\/desarrollo.grupomedios.com\/futbol\/wp-content\/uploads\/2017\/06\/a-bola.jpg 750w, http:\/\/desarrollo.grupomedios.com\/futbol\/wp-content\/uploads\/2017\/06\/a-bola-245x300.jpg 245w\" sizes=\"(max-width: 750px) 100vw, 750px\" \/><\/a><\/p>\n<p style=\"text-align: center;\"><span style=\"color: #333399;\"><a style=\"color: #333399;\" href=\"https:\/\/www.futboltotal.com.mx\/2017\/06\/espanyol-de-barcelona-quiere-retener-a-diego-reyes\/\" target=\"_blank\" rel=\"noopener noreferrer\">VER M\u00c1S: Espanyol de Barcelona quiere quedarse con Diego Reyes<\/a><\/span><\/p>\n","protected":false},"excerpt":{"rendered":"<p>El futbolista est\u00e1 indignado por la investigaci\u00f3n fiscal que se le ha hecho<\/p>\n","protected":false},"author":20,"featured_media":483262,"comment_status":"closed","ping_status":"closed","sticky":false,"template":"","format":"standard","meta":[],"categories":[7740,3839],"tags":[6013,253,715,5988],"_links":{"self":[{"href":"http:\/\/desarrollo.grupomedios.com\/futbol\/wp-json\/wp\/v2\/posts\/483798"}],"collection":[{"href":"http:\/\/desarrollo.grupomedios.com\/futbol\/wp-json\/wp\/v2\/posts"}],"about":[{"href":"http:\/\/desarrollo.grupomedios.com\/futbol\/wp-json\/wp\/v2\/types\/post"}],"author":[{"embeddable":true,"href":"http:\/\/desarrollo.grupomedios.com\/futbol\/wp-json\/wp\/v2\/users\/20"}],"replies":[{"embeddable":true,"href":"http:\/\/desarrollo.grupomedios.com\/futbol\/wp-json\/wp\/v2\/comments?post=483798"}],"version-history":[{"count":2,"href":"http:\/\/desarrollo.grupomedios.com\/futbol\/wp-json\/wp\/v2\/posts\/483798\/revisions"}],"predecessor-version":[{"id":483841,"href":"http:\/\/desarrollo.grupomedios.com\/futbol\/wp-json\/wp\/v2\/posts\/483798\/revisions\/483841"}],"wp:featuredmedia":[{"embeddable":true,"href":"http:\/\/desarrollo.grupomedios.com\/futbol\/wp-json\/wp\/v2\/media\/483262"}],"wp:attachment":[{"href":"http:\/\/desarrollo.grupomedios.com\/futbol\/wp-json\/wp\/v2\/media?parent=483798"}],"wp:term":[{"taxonomy":"category","embeddable":true,"href":"http:\/\/desarrollo.grupomedios.com\/futbol\/wp-json\/wp\/v2\/categories?post=483798"},{"taxonomy":"post_tag","embeddable":true,"href":"http:\/\/desarrollo.grupomedios.com\/futbol\/wp-json\/wp\/v2\/tags?post=483798"}],"curies":[{"name":"wp","href":"https:\/\/api.w.org\/{rel}","templated":true}]}}