{"id":483821,"date":"2017-06-16T10:53:19","date_gmt":"2017-06-16T15:53:19","guid":{"rendered":"https:\/\/www.futboltotal.com.mx\/?p=483821"},"modified":"2017-06-16T10:53:19","modified_gmt":"2017-06-16T15:53:19","slug":"andres-guardado-ya-tendria-acuerdo-equipo-la-mls","status":"publish","type":"post","link":"http:\/\/desarrollo.grupomedios.com\/futbol\/futbol-internacional\/andres-guardado-ya-tendria-acuerdo-equipo-la-mls\/2017\/06","title":{"rendered":"Andr\u00e9s Guardado ya tendr\u00eda acuerdo con equipo de la MLS"},"content":{"rendered":"<p>Los equipos de la <strong>MLS<\/strong> contin\u00faan en la b\u00fasqueda de jugadores franquicia, y los futbolistas mexicanos son de los m\u00e1s solicitados debido a la gran cantidad de mexicanos que viven en Estados Unidos<\/p>\n<p>En esta ocasi\u00f3n, la nueva franquicia de <strong>Los Angeles FC<\/strong>, que estuvo en busca de hacerse con los servicios de\u00a0<strong>Javier &#8216;Chicharito&#8217; Hern\u00e1ndez,\u00a0<\/strong>pero se encontr\u00f3 con la negativa del futbolista, por lo que habr\u00edan buscado al mediocampista azteca, <strong>Andr\u00e9s Guardado<\/strong>.<\/p>\n<p style=\"text-align: center;\"><span style=\"color: #333399;\"><a style=\"color: #333399;\" href=\"https:\/\/www.futboltotal.com.mx\/2017\/06\/como-se-origino-la-copa-confederaciones\/\" target=\"_blank\" rel=\"noopener noreferrer\">VER M\u00c1S: Este es el origen de la Copa Confederaciones<\/a><\/span><\/p>\n<p>El periodista de <em>ESPN,\u00a0<\/em>John Sutcliffe, asegur\u00f3 que <strong>Los Angeles FC<\/strong> ya tiene asegurado a su jugador franquicia en <strong>Guardado<\/strong>, pues ya tendr\u00edan un arreglo para la temporada 2018, por un contrato millonario vigente por cuatro a\u00f1os.<\/p>\n<p><strong>Andr\u00e9s Guardado<\/strong> hab\u00eda comentado que le gustar\u00eda regresar al continente americano, sin embargo no precisamente a la <strong>MLS<\/strong>, pues hab\u00eda mencionado su deseo de regresar al <strong>Atlas,<\/strong> equipo que lo vio nacer como futbolista.<\/p>\n<p style=\"text-align: center;\"><span style=\"color: #333399;\"><a style=\"color: #333399;\" href=\"https:\/\/www.futboltotal.com.mx\/2017\/06\/lozano-se-uniria-a-guardado-en-el-psv\/\" target=\"_blank\" rel=\"noopener noreferrer\">VER M\u00c1S: Chucky Lozano ya es futbolista del PSV<\/a><\/span><\/p>\n<p>&nbsp;<\/p>\n<p>&nbsp;<\/p>\n","protected":false},"excerpt":{"rendered":"<p>El futbolista mexicano todav\u00eda tendr\u00e1 otra temporada en el futbol de Europa<\/p>\n","protected":false},"author":20,"featured_media":469699,"comment_status":"closed","ping_status":"closed","sticky":false,"template":"","format":"standard","meta":[],"categories":[7740,3839],"tags":[6046,8503,195,2044],"_links":{"self":[{"href":"http:\/\/desarrollo.grupomedios.com\/futbol\/wp-json\/wp\/v2\/posts\/483821"}],"collection":[{"href":"http:\/\/desarrollo.grupomedios.com\/futbol\/wp-json\/wp\/v2\/posts"}],"about":[{"href":"http:\/\/desarrollo.grupomedios.com\/futbol\/wp-json\/wp\/v2\/types\/post"}],"author":[{"embeddable":true,"href":"http:\/\/desarrollo.grupomedios.com\/futbol\/wp-json\/wp\/v2\/users\/20"}],"replies":[{"embeddable":true,"href":"http:\/\/desarrollo.grupomedios.com\/futbol\/wp-json\/wp\/v2\/comments?post=483821"}],"version-history":[{"count":1,"href":"http:\/\/desarrollo.grupomedios.com\/futbol\/wp-json\/wp\/v2\/posts\/483821\/revisions"}],"predecessor-version":[{"id":483825,"href":"http:\/\/desarrollo.grupomedios.com\/futbol\/wp-json\/wp\/v2\/posts\/483821\/revisions\/483825"}],"wp:featuredmedia":[{"embeddable":true,"href":"http:\/\/desarrollo.grupomedios.com\/futbol\/wp-json\/wp\/v2\/media\/469699"}],"wp:attachment":[{"href":"http:\/\/desarrollo.grupomedios.com\/futbol\/wp-json\/wp\/v2\/media?parent=483821"}],"wp:term":[{"taxonomy":"category","embeddable":true,"href":"http:\/\/desarrollo.grupomedios.com\/futbol\/wp-json\/wp\/v2\/categories?post=483821"},{"taxonomy":"post_tag","embeddable":true,"href":"http:\/\/desarrollo.grupomedios.com\/futbol\/wp-json\/wp\/v2\/tags?post=483821"}],"curies":[{"name":"wp","href":"https:\/\/api.w.org\/{rel}","templated":true}]}}