{"id":483832,"date":"2017-06-16T12:09:01","date_gmt":"2017-06-16T17:09:01","guid":{"rendered":"https:\/\/www.futboltotal.com.mx\/?p=483832"},"modified":"2017-06-16T13:20:16","modified_gmt":"2017-06-16T18:20:16","slug":"miguel-layun-sale-en-defensa-del-grito-eeehhh-puto","status":"publish","type":"post","link":"http:\/\/desarrollo.grupomedios.com\/futbol\/futbol-mexicano\/miguel-layun-sale-en-defensa-del-grito-eeehhh-puto\/2017\/06","title":{"rendered":"Miguel Lay\u00fan sale en defensa del grito de &#8220;Eeehhh Put&#8230;&#8221;"},"content":{"rendered":"<p>La <strong>Selecci\u00f3n Mexicana<\/strong> correr\u00e1 el riesgo de que durante la <strong>Copa Confederaciones 2017<\/strong>, que se disputar\u00e1 en Rusia, <a href=\"https:\/\/www.futboltotal.com.mx\/2017\/06\/juegos-del-tri-en-confederaciones-en-peligro-grito-homofobico\/\" target=\"_blank\" rel=\"noopener noreferrer\"><span style=\"color: #333399;\">sus partidos puedan suspenderse debido a los <strong>gritos homof\u00f3bicos<\/strong><\/span><\/a> que los fan\u00e1ticos mexicanos han convertido en una costumbre cada vez que el portero rival realiza un saque de meta, aunque jugadores del <em><strong>Tri<\/strong><\/em> como <strong>Miguel Lay\u00fan<\/strong> este pol\u00e9mico grito no es una ofensa debido al contexto en que se usa.<\/p>\n<p>&#8220;Lo he explicado, como casi todos, para el mexicano no es un grito con af\u00e1n de ofender o de caer en el racismo, es un grito que incluso entre amigos nos llamamos as\u00ed; pero, al final, ojal\u00e1 se pueda llegar a un acuerdo, a comprender y entender que si est\u00e1 afectando a alguien, bueno, buscar una soluci\u00f3n para que no pueda terminar esto en una suspensi\u00f3n de un juego&#8221; dijo <strong>Lay\u00fan<\/strong> en entrevista para <strong>Fox Sports<\/strong>.<\/p>\n<p style=\"text-align: center;\"><a href=\"https:\/\/www.futboltotal.com.mx\/2017\/06\/pedro-arce-vengo-a-triunfar-america-me-vean-en-tri\/\" target=\"_blank\" rel=\"noopener noreferrer\"><span style=\"color: #333399;\">VER M\u00c1S: Pedro Arce: &#8220;Vengo a triunfar con Am\u00e9rica y que me vean en el Tri&#8221;<\/span><\/a><\/p>\n<p>Estas declaraciones del a\u00fan jugador del <strong>Porto<\/strong> se dieron previo al primer partido de <strong>M\u00e9xico<\/strong> en la <strong>Confederaciones<\/strong> ante el campe\u00f3n de Europa y m\u00e1ximo favorito al t\u00edtulo del evento, <strong>Portugal<\/strong>, selecci\u00f3n a la que se refiri\u00f3 <strong>Lay\u00fan<\/strong>.<\/p>\n<p>&#8220;Hay que recordar que no s\u00f3lo es <strong>Cristiano Ronaldo<\/strong>, es una selecci\u00f3n que tiene grandes jugadores en todas las l\u00edneas, nosotros tenemos que hacer un bien la tarea para poder generales peligro&#8221;, concluy\u00f3.<\/p>\n<p style=\"text-align: center;\"><a href=\"https:\/\/www.futboltotal.com.mx\/2017\/06\/andres-guardado-ya-tendria-acuerdo-equipo-la-mls\/\" target=\"_blank\" rel=\"noopener noreferrer\"><span style=\"color: #333399;\">VER M\u00c1S: Andr\u00e9s Guardado ya tendr\u00eda acuerdo con equipo de la MLS<\/span><\/a><\/p>\n<p>\u00a0<iframe loading=\"lazy\" src=\"https:\/\/www.youtube.com\/embed\/wXSqIs2N3Us\" frameborder=\"0\" allowfullscreen=\"allowfullscreen\"><\/iframe><\/p>\n","protected":false},"excerpt":{"rendered":"<p>El famoso y pol\u00e9mico grito homof\u00f3bico causar\u00eda problemas al Tri en Confederaciones.<\/p>\n","protected":false},"author":20,"featured_media":483834,"comment_status":"closed","ping_status":"closed","sticky":false,"template":"","format":"standard","meta":[],"categories":[5419,3839,2198,3847],"tags":[1580,9039,1035,6219,409],"_links":{"self":[{"href":"http:\/\/desarrollo.grupomedios.com\/futbol\/wp-json\/wp\/v2\/posts\/483832"}],"collection":[{"href":"http:\/\/desarrollo.grupomedios.com\/futbol\/wp-json\/wp\/v2\/posts"}],"about":[{"href":"http:\/\/desarrollo.grupomedios.com\/futbol\/wp-json\/wp\/v2\/types\/post"}],"author":[{"embeddable":true,"href":"http:\/\/desarrollo.grupomedios.com\/futbol\/wp-json\/wp\/v2\/users\/20"}],"replies":[{"embeddable":true,"href":"http:\/\/desarrollo.grupomedios.com\/futbol\/wp-json\/wp\/v2\/comments?post=483832"}],"version-history":[{"count":1,"href":"http:\/\/desarrollo.grupomedios.com\/futbol\/wp-json\/wp\/v2\/posts\/483832\/revisions"}],"predecessor-version":[{"id":483837,"href":"http:\/\/desarrollo.grupomedios.com\/futbol\/wp-json\/wp\/v2\/posts\/483832\/revisions\/483837"}],"wp:featuredmedia":[{"embeddable":true,"href":"http:\/\/desarrollo.grupomedios.com\/futbol\/wp-json\/wp\/v2\/media\/483834"}],"wp:attachment":[{"href":"http:\/\/desarrollo.grupomedios.com\/futbol\/wp-json\/wp\/v2\/media?parent=483832"}],"wp:term":[{"taxonomy":"category","embeddable":true,"href":"http:\/\/desarrollo.grupomedios.com\/futbol\/wp-json\/wp\/v2\/categories?post=483832"},{"taxonomy":"post_tag","embeddable":true,"href":"http:\/\/desarrollo.grupomedios.com\/futbol\/wp-json\/wp\/v2\/tags?post=483832"}],"curies":[{"name":"wp","href":"https:\/\/api.w.org\/{rel}","templated":true}]}}