{"id":483842,"date":"2017-06-16T12:55:43","date_gmt":"2017-06-16T17:55:43","guid":{"rendered":"https:\/\/www.futboltotal.com.mx\/?p=483842"},"modified":"2017-06-16T15:26:03","modified_gmt":"2017-06-16T20:26:03","slug":"cuando-los-simpsons-predijeron-mexico-vs-portugal","status":"publish","type":"post","link":"http:\/\/desarrollo.grupomedios.com\/futbol\/futbol-mexicano\/cuando-los-simpsons-predijeron-mexico-vs-portugal\/2017\/06","title":{"rendered":"Cuando los Simpsons predijeron el M\u00e9xico vs Portugal"},"content":{"rendered":"<p>El pr\u00f3ximo 18 de junio la <strong>Selecci\u00f3n Mexicana<\/strong> se medir\u00e1 ante Portugal en el marco de la <strong>Copa Confederaciones<\/strong> de <strong>Rusia 2017<\/strong>, algo que los <strong>Simpsons<\/strong> ya hab\u00edan previsto.<\/p>\n<p>En un episodio lanzado en 1997 como parte de la temporada 9 de la serie y titulado <em>The Cartridge \u00a0Family<\/em> (La Familia Peligrosa), los <strong>Simpsons<\/strong> van a un partido realizado en Springfield entre M\u00e9xico y Portugal que\u00a0<strong>&#8220;decidir\u00e1 por fin qu\u00e9 pa\u00eds es el m\u00e1s grande del mundo, \u00bfM\u00e9xico o Portugal?&#8221;<\/strong>.<\/p>\n<p style=\"text-align: center;\"><span style=\"color: #3366ff;\"><a style=\"color: #3366ff;\" href=\"https:\/\/www.futboltotal.com.mx\/2017\/06\/ania-gadea-modelo-que-salio-con-ronaldinho\/\" target=\"_blank\" rel=\"noopener noreferrer\">VER M\u00c1S: La hermosa modelo que sali\u00f3 con Ronaldinho<\/a><\/span><\/p>\n<p>El encuentro se suscita aburrido y sin emociones, por lo que los asistentes terminan realizando una bronca monumental que se extiende hasta las calles. Por lo que el encuentro no termina y no hay un resultado final<\/p>\n<p>En el episodio hace una breve aparici\u00f3n el jugador brasile\u00f1o, <strong>Pel\u00e9,<\/strong> en donde solo entra al campo para realizar un comercial, haciendo mofa de aquella \u00e9poca en que el astro brasile\u00f1o hacia anuncios publicitarios.<\/p>\n<p><iframe loading=\"lazy\" src=\"https:\/\/www.youtube.com\/embed\/k1xKIPzJm6s?feature=oembed\" frameborder=\"0\" allowfullscreen><\/iframe><\/p>\n<p style=\"text-align: center;\"><span style=\"color: #3366ff;\"><a style=\"color: #3366ff;\" href=\"https:\/\/www.futboltotal.com.mx\/2017\/06\/andres-guardado-ya-tendria-acuerdo-equipo-la-mls\/\" target=\"_blank\" rel=\"noopener noreferrer\">VER M\u00c1S: Andr\u00e9s Guardado apunta a la MLS<\/a><\/span><\/p>\n<p>&nbsp;<\/p>\n<p>&nbsp;<\/p>\n<p>&nbsp;<\/p>\n","protected":false},"excerpt":{"rendered":"<p>El cap\u00edtulo se estren\u00f3 hace 20 a\u00f1os y hace referencia al encuentro que se vivir\u00e1 el 18 de junio.<\/p>\n","protected":false},"author":20,"featured_media":483844,"comment_status":"closed","ping_status":"closed","sticky":false,"template":"","format":"standard","meta":[],"categories":[5419,2198,3847],"tags":[1580,65,715,8853,5313,409],"_links":{"self":[{"href":"http:\/\/desarrollo.grupomedios.com\/futbol\/wp-json\/wp\/v2\/posts\/483842"}],"collection":[{"href":"http:\/\/desarrollo.grupomedios.com\/futbol\/wp-json\/wp\/v2\/posts"}],"about":[{"href":"http:\/\/desarrollo.grupomedios.com\/futbol\/wp-json\/wp\/v2\/types\/post"}],"author":[{"embeddable":true,"href":"http:\/\/desarrollo.grupomedios.com\/futbol\/wp-json\/wp\/v2\/users\/20"}],"replies":[{"embeddable":true,"href":"http:\/\/desarrollo.grupomedios.com\/futbol\/wp-json\/wp\/v2\/comments?post=483842"}],"version-history":[{"count":3,"href":"http:\/\/desarrollo.grupomedios.com\/futbol\/wp-json\/wp\/v2\/posts\/483842\/revisions"}],"predecessor-version":[{"id":483868,"href":"http:\/\/desarrollo.grupomedios.com\/futbol\/wp-json\/wp\/v2\/posts\/483842\/revisions\/483868"}],"wp:featuredmedia":[{"embeddable":true,"href":"http:\/\/desarrollo.grupomedios.com\/futbol\/wp-json\/wp\/v2\/media\/483844"}],"wp:attachment":[{"href":"http:\/\/desarrollo.grupomedios.com\/futbol\/wp-json\/wp\/v2\/media?parent=483842"}],"wp:term":[{"taxonomy":"category","embeddable":true,"href":"http:\/\/desarrollo.grupomedios.com\/futbol\/wp-json\/wp\/v2\/categories?post=483842"},{"taxonomy":"post_tag","embeddable":true,"href":"http:\/\/desarrollo.grupomedios.com\/futbol\/wp-json\/wp\/v2\/tags?post=483842"}],"curies":[{"name":"wp","href":"https:\/\/api.w.org\/{rel}","templated":true}]}}