{"id":483843,"date":"2017-06-16T13:10:45","date_gmt":"2017-06-16T18:10:45","guid":{"rendered":"https:\/\/www.futboltotal.com.mx\/?p=483843"},"modified":"2017-06-16T13:11:26","modified_gmt":"2017-06-16T18:11:26","slug":"cristiano-ronaldo-me-voy-real-madrid-no-hay-marcha-atras","status":"publish","type":"post","link":"http:\/\/desarrollo.grupomedios.com\/futbol\/destacado-home\/cristiano-ronaldo-me-voy-real-madrid-no-hay-marcha-atras\/2017\/06","title":{"rendered":"Cristiano Ronaldo: &#8220;Me voy del Madrid, no hay marcha atr\u00e1s&#8221;"},"content":{"rendered":"<p>Lo que ya se ven\u00eda escuchando en las \u00faltimas horas, la <a href=\"https:\/\/www.futboltotal.com.mx\/2017\/06\/cristiano-ronaldo-quiere-irse-espana\/\" target=\"_blank\" rel=\"noopener noreferrer\"><span style=\"color: #333399;\">supuesta decisi\u00f3n de <strong>Cristiano<\/strong> <strong>Ronaldo<\/strong> de abandonar el <strong>Real<\/strong> <strong>Madrid<\/strong><\/span><\/a> debido a los problemas que enfrenta por <a href=\"https:\/\/www.futboltotal.com.mx\/2017\/06\/denuncian-en-espana-cristiano-ronaldo-defraudar-hacienda\/\" target=\"_blank\" rel=\"noopener noreferrer\"><span style=\"color: #333399;\">irregularidades tributarias con una deuda cercana a los 14.7 millones de euros<\/span><\/a>, el riesgo de ser castigado con prisi\u00f3n y la postura del club va tomando forma.<\/p>\n<p>El diario espa\u00f1ol Marca ha publicado que el astro luso, actualmente concentrado con <strong>Portugal<\/strong> para disputar la <strong>Copa Confederaciones 2017<\/strong>, comunic\u00f3 su decisi\u00f3n a sus compa\u00f1eros de selecci\u00f3n.<\/p>\n<p>&#8220;Me voy del <strong>Madrid<\/strong>, lo tengo decidido, no hay marcha atr\u00e1s&#8221;, es la frase que aparentemente <strong>Cristiano<\/strong> le dijo a los seleccionados portugueses, a quienes adem\u00e1s les extern\u00f3 que se siente maltratado en Espa\u00f1a.<\/p>\n<p style=\"text-align: center;\"><a href=\"https:\/\/www.futboltotal.com.mx\/2017\/06\/tigres-ya-tendria-una-oferta-andre-pierre-gignac\/\" target=\"_blank\" rel=\"noopener noreferrer\"><span style=\"color: #333399;\">VER M\u00c1S: Tigres ya tendr\u00eda una oferta por Andr\u00e9-Pierre Gignac<\/span><\/a><\/p>\n<p>Horas antes, el diario portugu\u00e9s A Bola public\u00f3 en su portada que <strong>Ronaldo<\/strong>\u00a0estar\u00eda <strong>&#8220;muy indignado&#8221;<\/strong> por lo relacionado con el proceso del cual es investigado. Incluso, esta decisi\u00f3n se la habr\u00eda comentado al presidente del <strong>Real Madrid<\/strong>, Florentino P\u00e9rez.<\/p>\n<p>El <strong>Madrid<\/strong> mostr\u00f3 su apoyo al portugu\u00e9s por medio de un comunicado, aunque esta acci\u00f3n no le pareci\u00f3 suficiente a <strong>Cristiano<\/strong>, quien tendr\u00eda decidido acabar con un ciclo que inici\u00f3 en 2009 y en el que ha sumado un palmar\u00e9s de 2 Ligas de Espa\u00f1a, 2 Copas del Rey, 2 Mundiales de Clubes, 1 Supercopa de Espa\u00f1a, 1 Supercopa de Europa y, por supuesto, 3 Champions League.<\/p>\n<p style=\"text-align: center;\"><a href=\"https:\/\/www.futboltotal.com.mx\/2017\/06\/miguel-layun-sale-en-defensa-del-grito-eeehhh-puto\/\" target=\"_blank\" rel=\"noopener noreferrer\"><span style=\"color: #333399;\">VER M\u00c1S: Miguel Lay\u00fan sale en defensa del grito de &#8220;Eeehhh puto&#8221;<\/span><\/a><\/p>\n<p><a href=\"https:\/\/www.futboltotal.com.mx\/wp-content\/uploads\/2017\/06\/Real-Madrid-Comunicado.jpg\"><img decoding=\"async\" loading=\"lazy\" class=\"aligncenter size-large wp-image-483846\" src=\"https:\/\/www.futboltotal.com.mx\/wp-content\/uploads\/2017\/06\/Real-Madrid-Comunicado-1024x576.jpg\" alt=\"Cristiano Ronaldo: &#8220;Me voy del Madrid, no hay marcha atr\u00e1s&#8221; 0\" srcset=\"http:\/\/desarrollo.grupomedios.com\/futbol\/wp-content\/uploads\/2017\/06\/Real-Madrid-Comunicado-1024x576.jpg 1024w, http:\/\/desarrollo.grupomedios.com\/futbol\/wp-content\/uploads\/2017\/06\/Real-Madrid-Comunicado-300x169.jpg 300w, http:\/\/desarrollo.grupomedios.com\/futbol\/wp-content\/uploads\/2017\/06\/Real-Madrid-Comunicado-768x432.jpg 768w, http:\/\/desarrollo.grupomedios.com\/futbol\/wp-content\/uploads\/2017\/06\/Real-Madrid-Comunicado-317x178.jpg 317w, http:\/\/desarrollo.grupomedios.com\/futbol\/wp-content\/uploads\/2017\/06\/Real-Madrid-Comunicado-535x301.jpg 535w, http:\/\/desarrollo.grupomedios.com\/futbol\/wp-content\/uploads\/2017\/06\/Real-Madrid-Comunicado-374x210.jpg 374w, http:\/\/desarrollo.grupomedios.com\/futbol\/wp-content\/uploads\/2017\/06\/Real-Madrid-Comunicado.jpg 1136w\" sizes=\"(max-width: 1024px) 100vw, 1024px\" \/><\/a><\/p>\n","protected":false},"excerpt":{"rendered":"<p>El astro luso habr\u00eda comunicado su decisi\u00f3n a sus compa\u00f1eros de Portugal.<\/p>\n","protected":false},"author":20,"featured_media":460370,"comment_status":"closed","ping_status":"closed","sticky":false,"template":"","format":"standard","meta":[],"categories":[5,7740,3839,3844],"tags":[739,6013,715,5988],"_links":{"self":[{"href":"http:\/\/desarrollo.grupomedios.com\/futbol\/wp-json\/wp\/v2\/posts\/483843"}],"collection":[{"href":"http:\/\/desarrollo.grupomedios.com\/futbol\/wp-json\/wp\/v2\/posts"}],"about":[{"href":"http:\/\/desarrollo.grupomedios.com\/futbol\/wp-json\/wp\/v2\/types\/post"}],"author":[{"embeddable":true,"href":"http:\/\/desarrollo.grupomedios.com\/futbol\/wp-json\/wp\/v2\/users\/20"}],"replies":[{"embeddable":true,"href":"http:\/\/desarrollo.grupomedios.com\/futbol\/wp-json\/wp\/v2\/comments?post=483843"}],"version-history":[{"count":1,"href":"http:\/\/desarrollo.grupomedios.com\/futbol\/wp-json\/wp\/v2\/posts\/483843\/revisions"}],"predecessor-version":[{"id":483847,"href":"http:\/\/desarrollo.grupomedios.com\/futbol\/wp-json\/wp\/v2\/posts\/483843\/revisions\/483847"}],"wp:featuredmedia":[{"embeddable":true,"href":"http:\/\/desarrollo.grupomedios.com\/futbol\/wp-json\/wp\/v2\/media\/460370"}],"wp:attachment":[{"href":"http:\/\/desarrollo.grupomedios.com\/futbol\/wp-json\/wp\/v2\/media?parent=483843"}],"wp:term":[{"taxonomy":"category","embeddable":true,"href":"http:\/\/desarrollo.grupomedios.com\/futbol\/wp-json\/wp\/v2\/categories?post=483843"},{"taxonomy":"post_tag","embeddable":true,"href":"http:\/\/desarrollo.grupomedios.com\/futbol\/wp-json\/wp\/v2\/tags?post=483843"}],"curies":[{"name":"wp","href":"https:\/\/api.w.org\/{rel}","templated":true}]}}