{"id":483855,"date":"2017-06-16T14:32:58","date_gmt":"2017-06-16T19:32:58","guid":{"rendered":"https:\/\/www.futboltotal.com.mx\/?p=483855"},"modified":"2017-06-16T14:32:58","modified_gmt":"2017-06-16T19:32:58","slug":"osorio-oculta-la-verdad-desercion-tecatito","status":"publish","type":"post","link":"http:\/\/desarrollo.grupomedios.com\/futbol\/futbol-mexicano\/osorio-oculta-la-verdad-desercion-tecatito\/2017\/06","title":{"rendered":"Osorio oculta la verdad sobre deserci\u00f3n de Tecatito"},"content":{"rendered":"<p>El director t\u00e9cnico de la <a href=\"http:\/\/futboltotal.com.mx\/futbol-mexicano\/seleccion-mexicana\/\" target=\"_blank\" rel=\"noopener noreferrer\">Selecci\u00f3n Mexicana<\/a>, <strong>Juan Carlos Osorio<\/strong>, supo en todo momento cu\u00e1l fue la raz\u00f3n por la que <strong>Jes\u00fas Manuel el Tecatito Corona<\/strong> desert\u00f3 del plantel que competir\u00e1 en la Copa Confederaciones de Rusia 2017, pero ha guardado la informaci\u00f3n, porque es el delantero qui\u00e9n revelar\u00e1 la informaci\u00f3n, en su momento.<\/p>\n<p>De acuerdo a la columna de rumores de <em>Universo Deportivo<\/em>, <strong>Juan Carlos Osorio<\/strong> minti\u00f3 cu\u00e1ndo se le pidi\u00f3 una explicaci\u00f3n sobre la baja del <strong>Tecatito Corona<\/strong>; pues afirm\u00f3 que ni \u00e9l sab\u00eda, pero que era una decisi\u00f3n personal que respetaba. No obstante, el estratega fue el primero en conocer lo que ocurr\u00eda con el delantero del Porto, pero decidi\u00f3 callar, pues \u00e9ste hablar\u00eda al respecto, en el momento oportuno.<\/p>\n<p style=\"text-align: center;\"><span style=\"color: #3366ff;\"><a style=\"color: #3366ff;\" href=\"https:\/\/www.futboltotal.com.mx\/2017\/06\/equipo-mexicano-quiere-repatriar-a-miguel-layun\/\" target=\"_blank\" rel=\"noopener noreferrer\"><strong>VER M\u00c1S: Miguel Lay\u00fan recibe oferta de Rayados<\/strong><\/a><\/span><\/p>\n<p><a href=\"https:\/\/www.futboltotal.com.mx\/wp-content\/uploads\/2017\/06\/osorio-tecatito-el-universal.jpg\"><img decoding=\"async\" loading=\"lazy\" class=\"alignnone size-full wp-image-483856\" src=\"https:\/\/www.futboltotal.com.mx\/wp-content\/uploads\/2017\/06\/osorio-tecatito-el-universal.jpg\" alt=\"Osorio oculta la verdad sobre deserci\u00f3n de Tecatito 0\" srcset=\"http:\/\/desarrollo.grupomedios.com\/futbol\/wp-content\/uploads\/2017\/06\/osorio-tecatito-el-universal.jpg 1136w, http:\/\/desarrollo.grupomedios.com\/futbol\/wp-content\/uploads\/2017\/06\/osorio-tecatito-el-universal-300x169.jpg 300w, http:\/\/desarrollo.grupomedios.com\/futbol\/wp-content\/uploads\/2017\/06\/osorio-tecatito-el-universal-768x432.jpg 768w, http:\/\/desarrollo.grupomedios.com\/futbol\/wp-content\/uploads\/2017\/06\/osorio-tecatito-el-universal-1024x576.jpg 1024w, http:\/\/desarrollo.grupomedios.com\/futbol\/wp-content\/uploads\/2017\/06\/osorio-tecatito-el-universal-317x178.jpg 317w, http:\/\/desarrollo.grupomedios.com\/futbol\/wp-content\/uploads\/2017\/06\/osorio-tecatito-el-universal-535x301.jpg 535w, http:\/\/desarrollo.grupomedios.com\/futbol\/wp-content\/uploads\/2017\/06\/osorio-tecatito-el-universal-374x210.jpg 374w\" sizes=\"(max-width: 1136px) 100vw, 1136px\" \/><\/a><\/p>\n<p style=\"text-align: center;\"><span style=\"color: #3366ff;\"><a style=\"color: #3366ff;\" href=\"https:\/\/www.futboltotal.com.mx\/2017\/06\/miguel-layun-sale-en-defensa-del-grito-eeehhh-puto\/\" target=\"_blank\" rel=\"noopener noreferrer\"><strong>VER M\u00c1S Miguel Lay\u00fan defiende grito de &#8220;eeh pu&#8230;&#8221;<\/strong><\/a><\/span><\/p>\n","protected":false},"excerpt":{"rendered":"<p>Afirman que el colombiano siempre supo las razones, pero respeta discreci\u00f3n de Corona.<\/p>\n","protected":false},"author":20,"featured_media":483857,"comment_status":"closed","ping_status":"closed","sticky":false,"template":"","format":"standard","meta":[],"categories":[2198,3847],"tags":[142,3985],"_links":{"self":[{"href":"http:\/\/desarrollo.grupomedios.com\/futbol\/wp-json\/wp\/v2\/posts\/483855"}],"collection":[{"href":"http:\/\/desarrollo.grupomedios.com\/futbol\/wp-json\/wp\/v2\/posts"}],"about":[{"href":"http:\/\/desarrollo.grupomedios.com\/futbol\/wp-json\/wp\/v2\/types\/post"}],"author":[{"embeddable":true,"href":"http:\/\/desarrollo.grupomedios.com\/futbol\/wp-json\/wp\/v2\/users\/20"}],"replies":[{"embeddable":true,"href":"http:\/\/desarrollo.grupomedios.com\/futbol\/wp-json\/wp\/v2\/comments?post=483855"}],"version-history":[{"count":1,"href":"http:\/\/desarrollo.grupomedios.com\/futbol\/wp-json\/wp\/v2\/posts\/483855\/revisions"}],"predecessor-version":[{"id":483858,"href":"http:\/\/desarrollo.grupomedios.com\/futbol\/wp-json\/wp\/v2\/posts\/483855\/revisions\/483858"}],"wp:featuredmedia":[{"embeddable":true,"href":"http:\/\/desarrollo.grupomedios.com\/futbol\/wp-json\/wp\/v2\/media\/483857"}],"wp:attachment":[{"href":"http:\/\/desarrollo.grupomedios.com\/futbol\/wp-json\/wp\/v2\/media?parent=483855"}],"wp:term":[{"taxonomy":"category","embeddable":true,"href":"http:\/\/desarrollo.grupomedios.com\/futbol\/wp-json\/wp\/v2\/categories?post=483855"},{"taxonomy":"post_tag","embeddable":true,"href":"http:\/\/desarrollo.grupomedios.com\/futbol\/wp-json\/wp\/v2\/tags?post=483855"}],"curies":[{"name":"wp","href":"https:\/\/api.w.org\/{rel}","templated":true}]}}