{"id":483870,"date":"2017-06-16T15:46:33","date_gmt":"2017-06-16T20:46:33","guid":{"rendered":"https:\/\/www.futboltotal.com.mx\/?p=483870"},"modified":"2017-06-16T15:46:33","modified_gmt":"2017-06-16T20:46:33","slug":"griezmann-sorprende-nuevo-look","status":"publish","type":"post","link":"http:\/\/desarrollo.grupomedios.com\/futbol\/cambio-de-juego\/griezmann-sorprende-nuevo-look\/2017\/06","title":{"rendered":"Griezmann sorprende con nuevo look"},"content":{"rendered":"<p>El jugador del <strong>Atl\u00e9tico de Madrid<\/strong>, Antoine <strong>Griezmann<\/strong> sorprendi\u00f3 a sus seguidores con un nuevo look.<\/p>\n<p style=\"text-align: center;\"><span style=\"color: #333399;\"><a style=\"color: #333399;\" href=\"https:\/\/www.futboltotal.com.mx\/2017\/06\/cuando-los-simpsons-predijeron-mexico-vs-portugal\/\" target=\"_blank\" rel=\"noopener noreferrer\">VER M\u00c1S: Cuando Los Simpsons predijeron el M\u00e9xico vs Portugal<\/a><\/span><\/p>\n<p>El franc\u00e9s comparti\u00f3 una fotograf\u00eda a trav\u00e9s de <strong>Instagram<\/strong> en la que se puede ver su cabello con unos &#8216;rayos&#8217; azules, algunos fuertes y otros tenues.<\/p>\n<p>Muchos usuarios creen que no es real la imagen, sin embargo, parece que <strong>Griezmann<\/strong> habr\u00eda optado por una nueva imagen, al menos en su cabello.<\/p>\n<p><a href=\"https:\/\/www.futboltotal.com.mx\/wp-content\/uploads\/2017\/06\/griezmann-look.jpg\"><img decoding=\"async\" loading=\"lazy\" class=\"alignnone size-full wp-image-483871\" src=\"https:\/\/www.futboltotal.com.mx\/wp-content\/uploads\/2017\/06\/griezmann-look.jpg\" alt=\"Griezmann sorprende con nuevo look 0\" srcset=\"http:\/\/desarrollo.grupomedios.com\/futbol\/wp-content\/uploads\/2017\/06\/griezmann-look.jpg 1050w, http:\/\/desarrollo.grupomedios.com\/futbol\/wp-content\/uploads\/2017\/06\/griezmann-look-300x191.jpg 300w, http:\/\/desarrollo.grupomedios.com\/futbol\/wp-content\/uploads\/2017\/06\/griezmann-look-768x489.jpg 768w, http:\/\/desarrollo.grupomedios.com\/futbol\/wp-content\/uploads\/2017\/06\/griezmann-look-1024x652.jpg 1024w\" sizes=\"(max-width: 1050px) 100vw, 1050px\" \/><\/a><\/p>\n<p style=\"text-align: center;\"><span style=\"color: #333399;\"><a style=\"color: #333399;\" href=\"https:\/\/www.futboltotal.com.mx\/2017\/06\/chivas-sorprenderia-jersey-alternativo-a-lo-vaqueros-dallas\/\" target=\"_blank\" rel=\"noopener noreferrer\">VER M\u00c1S: Chivas con jersey estilo a los Dallas Cowboys<\/a><\/span><\/p>\n","protected":false},"excerpt":{"rendered":"<p>El atacante del Atl\u00e9tico de Madrid sorprendi\u00f3 a todos con su cambio de imagen<\/p>\n","protected":false},"author":20,"featured_media":472769,"comment_status":"closed","ping_status":"closed","sticky":false,"template":"","format":"standard","meta":[],"categories":[5419],"tags":[5191,6007,413],"_links":{"self":[{"href":"http:\/\/desarrollo.grupomedios.com\/futbol\/wp-json\/wp\/v2\/posts\/483870"}],"collection":[{"href":"http:\/\/desarrollo.grupomedios.com\/futbol\/wp-json\/wp\/v2\/posts"}],"about":[{"href":"http:\/\/desarrollo.grupomedios.com\/futbol\/wp-json\/wp\/v2\/types\/post"}],"author":[{"embeddable":true,"href":"http:\/\/desarrollo.grupomedios.com\/futbol\/wp-json\/wp\/v2\/users\/20"}],"replies":[{"embeddable":true,"href":"http:\/\/desarrollo.grupomedios.com\/futbol\/wp-json\/wp\/v2\/comments?post=483870"}],"version-history":[{"count":1,"href":"http:\/\/desarrollo.grupomedios.com\/futbol\/wp-json\/wp\/v2\/posts\/483870\/revisions"}],"predecessor-version":[{"id":483874,"href":"http:\/\/desarrollo.grupomedios.com\/futbol\/wp-json\/wp\/v2\/posts\/483870\/revisions\/483874"}],"wp:featuredmedia":[{"embeddable":true,"href":"http:\/\/desarrollo.grupomedios.com\/futbol\/wp-json\/wp\/v2\/media\/472769"}],"wp:attachment":[{"href":"http:\/\/desarrollo.grupomedios.com\/futbol\/wp-json\/wp\/v2\/media?parent=483870"}],"wp:term":[{"taxonomy":"category","embeddable":true,"href":"http:\/\/desarrollo.grupomedios.com\/futbol\/wp-json\/wp\/v2\/categories?post=483870"},{"taxonomy":"post_tag","embeddable":true,"href":"http:\/\/desarrollo.grupomedios.com\/futbol\/wp-json\/wp\/v2\/tags?post=483870"}],"curies":[{"name":"wp","href":"https:\/\/api.w.org\/{rel}","templated":true}]}}