{"id":483903,"date":"2017-06-16T18:33:46","date_gmt":"2017-06-16T23:33:46","guid":{"rendered":"https:\/\/www.futboltotal.com.mx\/?p=483903"},"modified":"2017-06-16T18:33:46","modified_gmt":"2017-06-16T23:33:46","slug":"ronda-rousey-sufre-descuido-en-los-angeles","status":"publish","type":"post","link":"http:\/\/desarrollo.grupomedios.com\/futbol\/no-todo-es-futbol\/ronda-rousey-sufre-descuido-en-los-angeles\/2017\/06","title":{"rendered":"\u00a1Ronda Rousey sufre descuido en Los \u00c1ngeles!"},"content":{"rendered":"<p>La luchadora de <em>UFC<\/em>, <strong>Ronda Rousey<\/strong>, acudi\u00f3 a la ciudad de Los \u00c1ngeles para visitar la exposici\u00f3n de la E3 2017, donde prob\u00f3 videojuegos y convivi\u00f3 con fan\u00e1ticos. Pero lo que sobresali\u00f3 m\u00e1s de su presencia, fue que al salir al aire libre, el viento le jug\u00f3 en contra y le levant\u00f3 el vestido para que todos vieran lo bien que se sigue cuidando pese a no tener actividad en la empresa de lucha con artes marciales mixtas.<\/p>\n<p style=\"text-align: center;\"><span style=\"color: #3366ff;\"><a style=\"color: #3366ff;\" href=\"https:\/\/www.futboltotal.com.mx\/2017\/06\/virginia-ramirez-aparece-en-playboy\/\" target=\"_blank\" rel=\"noopener noreferrer\"><strong>VER M\u00c1S: Conductora de Televisa Deportes aparecer\u00eda en Playboy<\/strong><\/a><\/span><\/p>\n<blockquote class=\"twitter-tweet\" data-lang=\"es\">\n<p dir=\"ltr\" lang=\"es\">Y ahora un poema buenas noches <a href=\"https:\/\/twitter.com\/RondaRousey\">@RondaRousey<\/a> <a href=\"https:\/\/t.co\/5P0yirZXpc\">pic.twitter.com\/5P0yirZXpc<\/a><\/p>\n<p>\u2014 bass \uf8ff (@lagj5_7) <a href=\"https:\/\/twitter.com\/lagj5_7\/status\/875608076593713152\">16 de junio de 2017<\/a><\/p><\/blockquote>\n<p><script async src=\"\/\/platform.twitter.com\/widgets.js\" charset=\"utf-8\"><\/script><\/p>\n<p style=\"text-align: center;\"><span style=\"color: #3366ff;\"><a style=\"color: #3366ff;\" href=\"https:\/\/www.futboltotal.com.mx\/2017\/06\/ania-gadea-modelo-que-salio-con-ronaldinho\/\" target=\"_blank\" rel=\"noopener noreferrer\"><strong>VER M\u00c1S: Ania Gadea confiesa c\u00f3mo es convivir con Ronaldinho<\/strong><\/a><\/span><\/p>\n<blockquote class=\"instagram-media\" style=\"background: #FFF; border: 0; border-radius: 3px; box-shadow: 0 0 1px 0 rgba(0,0,0,0.5),0 1px 10px 0 rgba(0,0,0,0.15); margin: 1px; max-width: 658px; padding: 0; width: calc(100% - 2px);\" data-instgrm-captioned=\"\" data-instgrm-version=\"7\">\n<div style=\"padding: 8px;\">\n<div style=\"background: #F8F8F8; line-height: 0; margin-top: 40px; padding: 50.0% 0; text-align: center; width: 100%;\"><\/div>\n<p style=\"margin: 8px 0 0 0; padding: 0 4px;\"><a style=\"color: #000; font-family: Arial,sans-serif; font-size: 14px; font-style: normal; font-weight: normal; line-height: 17px; text-decoration: none; word-wrap: break-word;\" href=\"https:\/\/www.instagram.com\/p\/BSTlbfuButs\/\" target=\"_blank\" rel=\"noopener noreferrer\">Thank you @punkmetender_art for the kind words and incorporating me into your art &#8211; and thanks @aristurm for taking this photo and letting me know about this piece #iheartstreetart<\/a><\/p>\n<p style=\"color: #c9c8cd; font-family: Arial,sans-serif; font-size: 14px; line-height: 17px; margin-bottom: 0; margin-top: 8px; overflow: hidden; padding: 8px 0 7px; text-align: center; text-overflow: ellipsis; white-space: nowrap;\">Una publicaci\u00f3n compartida de rondarousey (@rondarousey) el <time style=\"font-family: Arial,sans-serif; font-size: 14px; line-height: 17px;\" datetime=\"2017-03-31T14:33:58+00:00\">31 de Mar de 2017 a la(s) 7:33 PDT<\/time><\/p>\n<\/div>\n<\/blockquote>\n<p><script async defer src=\"\/\/platform.instagram.com\/en_US\/embeds.js\"><\/script><\/p>\n","protected":false},"excerpt":{"rendered":"<p>La gladiadora acudi\u00f3 a una exposici\u00f3n y el viento le jug\u00f3 en contra.<\/p>\n","protected":false},"author":20,"featured_media":483904,"comment_status":"closed","ping_status":"closed","sticky":false,"template":"","format":"standard","meta":[],"categories":[5422,5418,6411],"tags":[2033,5461,5532],"_links":{"self":[{"href":"http:\/\/desarrollo.grupomedios.com\/futbol\/wp-json\/wp\/v2\/posts\/483903"}],"collection":[{"href":"http:\/\/desarrollo.grupomedios.com\/futbol\/wp-json\/wp\/v2\/posts"}],"about":[{"href":"http:\/\/desarrollo.grupomedios.com\/futbol\/wp-json\/wp\/v2\/types\/post"}],"author":[{"embeddable":true,"href":"http:\/\/desarrollo.grupomedios.com\/futbol\/wp-json\/wp\/v2\/users\/20"}],"replies":[{"embeddable":true,"href":"http:\/\/desarrollo.grupomedios.com\/futbol\/wp-json\/wp\/v2\/comments?post=483903"}],"version-history":[{"count":1,"href":"http:\/\/desarrollo.grupomedios.com\/futbol\/wp-json\/wp\/v2\/posts\/483903\/revisions"}],"predecessor-version":[{"id":483905,"href":"http:\/\/desarrollo.grupomedios.com\/futbol\/wp-json\/wp\/v2\/posts\/483903\/revisions\/483905"}],"wp:featuredmedia":[{"embeddable":true,"href":"http:\/\/desarrollo.grupomedios.com\/futbol\/wp-json\/wp\/v2\/media\/483904"}],"wp:attachment":[{"href":"http:\/\/desarrollo.grupomedios.com\/futbol\/wp-json\/wp\/v2\/media?parent=483903"}],"wp:term":[{"taxonomy":"category","embeddable":true,"href":"http:\/\/desarrollo.grupomedios.com\/futbol\/wp-json\/wp\/v2\/categories?post=483903"},{"taxonomy":"post_tag","embeddable":true,"href":"http:\/\/desarrollo.grupomedios.com\/futbol\/wp-json\/wp\/v2\/tags?post=483903"}],"curies":[{"name":"wp","href":"https:\/\/api.w.org\/{rel}","templated":true}]}}