{"id":483928,"date":"2017-06-16T21:19:59","date_gmt":"2017-06-17T02:19:59","guid":{"rendered":"https:\/\/www.futboltotal.com.mx\/?p=483928"},"modified":"2017-06-16T21:19:59","modified_gmt":"2017-06-17T02:19:59","slug":"oficial-serie-del-caribe-2018-sera-en-guadalajara","status":"publish","type":"post","link":"http:\/\/desarrollo.grupomedios.com\/futbol\/no-todo-es-futbol\/oficial-serie-del-caribe-2018-sera-en-guadalajara\/2017\/06","title":{"rendered":"OFICIAL: Serie del Caribe 2018, ser\u00e1 en Guadalajara"},"content":{"rendered":"<p>La ciudad de Guadalajara, capital del estado de Jalisco, oeste de M\u00e9xico, fue elegida este viernes como la sede para la <strong>Serie del Caribe 2018<\/strong>, por los presidentes de los ocho clubes que integran la Liga Mexicana del Pac\u00edfico (LMP) .<\/p>\n<p>La sede del equipo Charros de Jalisco recibir\u00e1 durante la primera semana de febrero del pr\u00f3ximo a\u00f1o, inform\u00f3 hoy la Liga.<\/p>\n<blockquote class=\"twitter-tweet\" data-lang=\"es\">\n<p dir=\"ltr\" lang=\"es\">Ahora lo daremos todo para organizar la mejor Serie del Caribe de la historia\u2026\u00a1Bienvenidos a Jalisco 2018!<a href=\"https:\/\/twitter.com\/hashtag\/Jalisco2018?src=hash\">#Jalisco2018<\/a> <a href=\"https:\/\/twitter.com\/hashtag\/SDC2018?src=hash\">#SDC2018<\/a><br \/>\n\u26be\ufe0f\u26be\ufe0f\u26be\ufe0f&#x1f1f2;&#x1f1fd;&#x1f1f2;&#x1f1fd; <a href=\"https:\/\/t.co\/F27NHTbKVz\">pic.twitter.com\/F27NHTbKVz<\/a><\/p>\n<p>\u2014 Charros de Jalisco (@charrosbeisbol) <a href=\"https:\/\/twitter.com\/charrosbeisbol\/status\/875825819377184769\">16 de junio de 2017<\/a><\/p><\/blockquote>\n<p><script async src=\"\/\/platform.twitter.com\/widgets.js\" charset=\"utf-8\"><\/script><\/p>\n<p>Los directivos consideraron que debido &#8220;a la premura de tiempo para organizar el torneo, la capacidad de organizaci\u00f3n probada por los Charros durante el Cl\u00e1sico Mundial de marzo pasado, la proyecci\u00f3n medi\u00e1tica y la respuesta de su afici\u00f3n, hacen de esta la plaza id\u00f3nea&#8221; para cumplir con la encomienda de la Confederaci\u00f3n de B\u00e9isbol Profesional del Caribe (CBPC).<\/p>\n<p style=\"text-align: center;\"><span style=\"color: #3366ff;\"><a style=\"color: #3366ff;\" href=\"https:\/\/www.futboltotal.com.mx\/2017\/06\/jonathan-dos-santos-nuevo-refuerzo-del-atletico-san-luis\/\" target=\"_blank\" rel=\"noopener noreferrer\"><strong>VER M\u00c1S: Jonathan dos Santos jugar\u00e1 con Atl\u00e9tico de San Luis<\/strong><\/a><\/span><\/p>\n<p>La pr\u00f3xima semana comenzar\u00e1 un trabajo coordinado entre la LMP y los Charros de Jalisco para formalizar el proceso de organizaci\u00f3n correspondiente<\/p>\n<p>El jueves, la CBPC inform\u00f3, durante la asamblea que se realiz\u00f3 en San Juan, Puerto Rico, que la Serie del Caribe 2018 se jugar\u00eda en M\u00e9xico y no en Venezuela, como estaba programado.<\/p>\n<p>La organizaci\u00f3n indic\u00f3 que la edici\u00f3n LX de la <strong>Serie de B\u00e9isbol del Caribe<\/strong>, prevista para febrero de 2018, &#8220;se efectuar\u00e1 en una de las ciudades pertenecientes a la Liga de B\u00e9isbol del Pacifico de M\u00e9xico a definirse en una pr\u00f3xima reuni\u00f3n&#8221; la cual sucedi\u00f3 este d\u00eda.<\/p>\n<p style=\"text-align: center;\"><span style=\"color: #3366ff;\"><a style=\"color: #3366ff;\" href=\"https:\/\/www.futboltotal.com.mx\/2017\/06\/ronda-rousey-sufre-descuido-en-los-angeles\/\" target=\"_blank\" rel=\"noopener noreferrer\"><strong>VER M\u00c1S: Luchadora sufre descuido al aire libre<\/strong><\/a><\/span><\/p>\n<p>En tanto, la que correspond\u00eda a la ciudad venezolana de Barquisimeto fue trasladada para 2019. La decisi\u00f3n que se tom\u00f3, cont\u00f3 el voto negativo de la Liga Venezolana de B\u00e9isbol Profesional.<\/p>\n<p>Empresarios del b\u00e9isbol venezolano hab\u00edan alertado sobre los problemas para conseguir los d\u00f3lares necesarios para la organizaci\u00f3n del certamen que agrupa a clubes campeones de Puerto Rico, Rep\u00fablica Dominicana, Venezuela y M\u00e9xico.<\/p>\n<p>Venezuela vive una crisis social debido a una ola de protestas que se inici\u00f3 el 1 de abril pasado y que ha dejado al menos 68 muertos, seg\u00fan cifras oficiales.<\/p>\n<p style=\"text-align: center;\"><span style=\"color: #3366ff;\"><a style=\"color: #3366ff;\" href=\"https:\/\/www.futboltotal.com.mx\/2017\/06\/despiden-a-dt-golear-demasiado-al-rival\/\" target=\"_blank\" rel=\"noopener noreferrer\"><strong>VER M\u00c1S: Destituyen a entrenador por golear demasiado a un rival<\/strong><\/a><\/span><\/p>\n","protected":false},"excerpt":{"rendered":"<p>Este viernes 16 de junio, se confirm\u00f3 la sede para el campeonato de beisbol.<\/p>\n","protected":false},"author":144,"featured_media":483929,"comment_status":"closed","ping_status":"closed","sticky":false,"template":"","format":"standard","meta":[],"categories":[5812,5418,6411],"tags":[5461,9043],"_links":{"self":[{"href":"http:\/\/desarrollo.grupomedios.com\/futbol\/wp-json\/wp\/v2\/posts\/483928"}],"collection":[{"href":"http:\/\/desarrollo.grupomedios.com\/futbol\/wp-json\/wp\/v2\/posts"}],"about":[{"href":"http:\/\/desarrollo.grupomedios.com\/futbol\/wp-json\/wp\/v2\/types\/post"}],"author":[{"embeddable":true,"href":"http:\/\/desarrollo.grupomedios.com\/futbol\/wp-json\/wp\/v2\/users\/144"}],"replies":[{"embeddable":true,"href":"http:\/\/desarrollo.grupomedios.com\/futbol\/wp-json\/wp\/v2\/comments?post=483928"}],"version-history":[{"count":1,"href":"http:\/\/desarrollo.grupomedios.com\/futbol\/wp-json\/wp\/v2\/posts\/483928\/revisions"}],"predecessor-version":[{"id":483930,"href":"http:\/\/desarrollo.grupomedios.com\/futbol\/wp-json\/wp\/v2\/posts\/483928\/revisions\/483930"}],"wp:featuredmedia":[{"embeddable":true,"href":"http:\/\/desarrollo.grupomedios.com\/futbol\/wp-json\/wp\/v2\/media\/483929"}],"wp:attachment":[{"href":"http:\/\/desarrollo.grupomedios.com\/futbol\/wp-json\/wp\/v2\/media?parent=483928"}],"wp:term":[{"taxonomy":"category","embeddable":true,"href":"http:\/\/desarrollo.grupomedios.com\/futbol\/wp-json\/wp\/v2\/categories?post=483928"},{"taxonomy":"post_tag","embeddable":true,"href":"http:\/\/desarrollo.grupomedios.com\/futbol\/wp-json\/wp\/v2\/tags?post=483928"}],"curies":[{"name":"wp","href":"https:\/\/api.w.org\/{rel}","templated":true}]}}