{"id":483984,"date":"2017-06-17T14:05:32","date_gmt":"2017-06-17T19:05:32","guid":{"rendered":"https:\/\/www.futboltotal.com.mx\/?p=483984"},"modified":"2017-06-17T14:05:32","modified_gmt":"2017-06-17T19:05:32","slug":"dt-mexicano-dirigira-al-real-madriz","status":"publish","type":"post","link":"http:\/\/desarrollo.grupomedios.com\/futbol\/futbol-internacional\/dt-mexicano-dirigira-al-real-madriz\/2017\/06","title":{"rendered":"DT mexicano dirigir\u00e1 al Real Madriz"},"content":{"rendered":"<p><strong>Abraham Arturo Zavala Tronco<\/strong> ser\u00e1 director t\u00e9cnico del <strong>Real Madriz FC<\/strong> de la primera divisi\u00f3n ene <strong>Nicaragua<\/strong>.<\/p>\n<p>El estratega de 50 a\u00f1os, dirig\u00eda al\u00a0<strong>Atl\u00e9tico Baj\u00edo<\/strong> en la tercera divisi\u00f3n de M\u00e9xico en el\u00a0<strong>Apertura 2016 y Clausura 2017<\/strong>, de acuerdo a los registros la Liga MX en su p\u00e1gina.<\/p>\n<p style=\"text-align: center;\"><span style=\"color: #333399;\"><a style=\"color: #333399;\" href=\"https:\/\/www.futboltotal.com.mx\/2017\/06\/gustavo-bou-nuevo-jugador-xolos\/\" target=\"_blank\" rel=\"noopener noreferrer\">VER M\u00c1S: Gustavo Bou ir\u00e1 a Xolos<\/a><\/span><\/p>\n<p>El estratega azteca sustituir\u00e1 al\u00a0hondure\u00f1o, Sindulio Castellanos, quien logr\u00f3 mantener a la franquicia en el\u00a0m\u00e1ximo circuito de <strong>Nicaragua<\/strong>.<\/p>\n<blockquote class=\"twitter-tweet\" data-width=\"500\">\n<p lang=\"es\" dir=\"ltr\">(Nicaragua, 1ra) Abraham Arturo Azavala (en medio) es nuevo director t\u00e9cnico de Real Madriz. <a href=\"https:\/\/t.co\/rravNJs6sO\">pic.twitter.com\/rravNJs6sO<\/a><\/p>\n<p>&mdash; Embajadores Aztecas (@eaztecasmx) <a href=\"https:\/\/twitter.com\/eaztecasmx\/status\/876140291681640448\">June 17, 2017<\/a><\/p><\/blockquote>\n<p><script async src=\"\/\/platform.twitter.com\/widgets.js\" charset=\"utf-8\"><\/script><\/p>\n<p>Zavala Tronco tambi\u00e9n estuvo participando como preparador f\u00edsico en la liga de nuevos talentos en la CDMX.<\/p>\n<p style=\"text-align: center;\"><span style=\"color: #333399;\"><a style=\"color: #333399;\" href=\"https:\/\/www.futboltotal.com.mx\/2017\/06\/damm-revela-le-dijo-a-chivas\/\" target=\"_blank\" rel=\"noopener noreferrer\">VER M\u00c1S: Damm le dijo &#8220;NO&#8221; a Chivas<\/a><\/span><\/p>\n","protected":false},"excerpt":{"rendered":"<p>Buscar\u00e1 nuevos horizontes luego de dirigir en la tercera divisi\u00f3n en M\u00e9xico<\/p>\n","protected":false},"author":20,"featured_media":483987,"comment_status":"closed","ping_status":"closed","sticky":false,"template":"","format":"standard","meta":[],"categories":[3839],"tags":[1314,9045,1766],"_links":{"self":[{"href":"http:\/\/desarrollo.grupomedios.com\/futbol\/wp-json\/wp\/v2\/posts\/483984"}],"collection":[{"href":"http:\/\/desarrollo.grupomedios.com\/futbol\/wp-json\/wp\/v2\/posts"}],"about":[{"href":"http:\/\/desarrollo.grupomedios.com\/futbol\/wp-json\/wp\/v2\/types\/post"}],"author":[{"embeddable":true,"href":"http:\/\/desarrollo.grupomedios.com\/futbol\/wp-json\/wp\/v2\/users\/20"}],"replies":[{"embeddable":true,"href":"http:\/\/desarrollo.grupomedios.com\/futbol\/wp-json\/wp\/v2\/comments?post=483984"}],"version-history":[{"count":1,"href":"http:\/\/desarrollo.grupomedios.com\/futbol\/wp-json\/wp\/v2\/posts\/483984\/revisions"}],"predecessor-version":[{"id":483988,"href":"http:\/\/desarrollo.grupomedios.com\/futbol\/wp-json\/wp\/v2\/posts\/483984\/revisions\/483988"}],"wp:featuredmedia":[{"embeddable":true,"href":"http:\/\/desarrollo.grupomedios.com\/futbol\/wp-json\/wp\/v2\/media\/483987"}],"wp:attachment":[{"href":"http:\/\/desarrollo.grupomedios.com\/futbol\/wp-json\/wp\/v2\/media?parent=483984"}],"wp:term":[{"taxonomy":"category","embeddable":true,"href":"http:\/\/desarrollo.grupomedios.com\/futbol\/wp-json\/wp\/v2\/categories?post=483984"},{"taxonomy":"post_tag","embeddable":true,"href":"http:\/\/desarrollo.grupomedios.com\/futbol\/wp-json\/wp\/v2\/tags?post=483984"}],"curies":[{"name":"wp","href":"https:\/\/api.w.org\/{rel}","templated":true}]}}