{"id":483985,"date":"2017-06-17T14:06:44","date_gmt":"2017-06-17T19:06:44","guid":{"rendered":"https:\/\/www.futboltotal.com.mx\/?p=483985"},"modified":"2017-06-17T14:06:44","modified_gmt":"2017-06-17T19:06:44","slug":"victoria-lopyreva-lo-mejor-la-inauguracion-confederaciones","status":"publish","type":"post","link":"http:\/\/desarrollo.grupomedios.com\/futbol\/galerias\/victoria-lopyreva-lo-mejor-la-inauguracion-confederaciones\/2017\/06","title":{"rendered":"Victoria Lopyreva, lo mejor de la inauguraci\u00f3n de Confederaciones"},"content":{"rendered":"<p>La embajadora de la <strong>Copa Confederaciones de Rusia 2017<\/strong>, <strong>Victoria Lopyreva<\/strong>, particip\u00f3 en la ceremonia de inauguraci\u00f3n del certamen, siendo el personaje que se llev\u00f3 el protagonismo del evento, por su belleza y por el poco espect\u00e1culo que se vio en el partido entre el anfitri\u00f3n y Nueva Zelanda.<\/p>\n<p><strong>Victoria Lopyreva<\/strong> es una modelo y conductora de televisi\u00f3n rusa, que fue elegida para ser embajadora de la <strong>Copa Confederaciones<\/strong> de su pa\u00eds y del Mundial de 2018, desde hace poco m\u00e1s de un a\u00f1o, por lo que su belleza seguir\u00e1 siendo parte del futbol, por el resto del proceso a la Copa del Mundo.<\/p>\n<p style=\"text-align: center;\"><span style=\"color: #3366ff;\"><a style=\"color: #3366ff;\" href=\"https:\/\/www.futboltotal.com.mx\/2017\/06\/jonathan-dos-santos-nuevo-refuerzo-del-atletico-san-luis\/\" target=\"_blank\" rel=\"noopener noreferrer\"><strong>VER M\u00c1S: Jonathan dos Santos jugar\u00e1 con Atl\u00e9tico de Madrid<\/strong><\/a><\/span><\/p>\n<blockquote class=\"instagram-media\" style=\"background: #FFF; border: 0; border-radius: 3px; box-shadow: 0 0 1px 0 rgba(0,0,0,0.5),0 1px 10px 0 rgba(0,0,0,0.15); margin: 1px; max-width: 658px; padding: 0; width: calc(100% - 2px);\" data-instgrm-captioned=\"\" data-instgrm-version=\"7\">\n<div style=\"padding: 8px;\">\n<div style=\"background: #F8F8F8; line-height: 0; margin-top: 40px; padding: 31.34863701578192% 0; text-align: center; width: 100%;\"><\/div>\n<p style=\"margin: 8px 0 0 0; padding: 0 4px;\"><a style=\"color: #000; font-family: Arial,sans-serif; font-size: 14px; font-style: normal; font-weight: normal; line-height: 17px; text-decoration: none; word-wrap: break-word;\" href=\"https:\/\/www.instagram.com\/p\/BVcyfeKh87D\/\" target=\"_blank\" rel=\"noopener noreferrer\">Congrats to my national team! &#x1f483;&#x1f3fc;\u26bd\ufe0f #ConfedCup2017 &#x1f1f7;&#x1f1fa;<\/a><\/p>\n<p style=\"color: #c9c8cd; font-family: Arial,sans-serif; font-size: 14px; line-height: 17px; margin-bottom: 0; margin-top: 8px; overflow: hidden; padding: 8px 0 7px; text-align: center; text-overflow: ellipsis; white-space: nowrap;\">Una publicaci\u00f3n compartida de Ambassador Of FIFA WC 2018&#x1f1f7;&#x1f1fa;\u26bd\ufe0f (@lopyrevavika) el <time style=\"font-family: Arial,sans-serif; font-size: 14px; line-height: 17px;\" datetime=\"2017-06-17T17:55:28+00:00\">17 de Jun de 2017 a la(s) 10:55 PDT<\/time><\/p>\n<\/div>\n<\/blockquote>\n<p><script async defer src=\"\/\/platform.instagram.com\/en_US\/embeds.js\"><\/script><\/p>\n<blockquote class=\"instagram-media\" style=\"background: #FFF; border: 0; border-radius: 3px; box-shadow: 0 0 1px 0 rgba(0,0,0,0.5),0 1px 10px 0 rgba(0,0,0,0.15); margin: 1px; max-width: 658px; padding: 0; width: calc(100% - 2px);\" data-instgrm-captioned=\"\" data-instgrm-version=\"7\">\n<div style=\"padding: 8px;\">\n<div style=\"background: #F8F8F8; line-height: 0; margin-top: 40px; padding: 26.88679245283019% 0; text-align: center; width: 100%;\"><\/div>\n<p style=\"margin: 8px 0 0 0; padding: 0 4px;\"><a style=\"color: #000; font-family: Arial,sans-serif; font-size: 14px; font-style: normal; font-weight: normal; line-height: 17px; text-decoration: none; word-wrap: break-word;\" href=\"https:\/\/www.instagram.com\/p\/BVcYXcIhMNf\/\" target=\"_blank\" rel=\"noopener noreferrer\">Such a great honor to be a part of the official ceremony opening the #ConfedCup2017 in Russia &#x1f1f7;&#x1f1fa;and present the official ball of the tournament #krasava &#x1f483;&#x1f3fc;\u26bd\ufe0fV \/ \u042f \u043e\u0447\u0435\u043d\u044c \u0440\u0430\u0434\u0430 \u043f\u0440\u0435\u0434\u0441\u0442\u0430\u0432\u0438\u0442\u044c \u043e\u0444\u0438\u0446\u0438\u0430\u043b\u044c\u043d\u044b\u0439 \u043c\u044f\u0447 \u0442\u0443\u0440\u043d\u0438\u0440\u0430 #\u041a\u0440\u0430\u0441\u0430\u0432\u0430 \u043d\u0430 \u043e\u0444\u0438\u0446\u0438\u0430\u043b\u044c\u043d\u043e\u0439 \u0446\u0435\u0440\u0435\u043c\u043e\u043d\u0438\u0438 \u043e\u0442\u043a\u0440\u044b\u0442\u0438\u044f \u041a\u0443\u0431\u043a\u0430 \u041a\u043e\u043d\u0444\u0435\u0434\u0435\u0440\u0430\u0446\u0438\u0439 2017 &#x1f1f7;&#x1f1fa;V #fifa #ambassador #worldcup #russia<\/a><\/p>\n<p style=\"color: #c9c8cd; font-family: Arial,sans-serif; font-size: 14px; line-height: 17px; margin-bottom: 0; margin-top: 8px; overflow: hidden; padding: 8px 0 7px; text-align: center; text-overflow: ellipsis; white-space: nowrap;\">Una publicaci\u00f3n compartida de Ambassador Of FIFA WC 2018&#x1f1f7;&#x1f1fa;\u26bd\ufe0f (@lopyrevavika) el <time style=\"font-family: Arial,sans-serif; font-size: 14px; line-height: 17px;\" datetime=\"2017-06-17T14:07:10+00:00\">17 de Jun de 2017 a la(s) 7:07 PDT<\/time><\/p>\n<\/div>\n<\/blockquote>\n<p><script async defer src=\"\/\/platform.instagram.com\/en_US\/embeds.js\"><\/script><\/p>\n<p style=\"text-align: center;\"><span style=\"color: #3366ff;\"><a style=\"color: #3366ff;\" href=\"https:\/\/www.futboltotal.com.mx\/2017\/06\/resultado-rusia-2-0-nueva-zelanda-copa-confederaciones-cronica\/\" target=\"_blank\" rel=\"noopener noreferrer\"><strong>VER M\u00c1S: Rusia gana en su primer partido de Confederaciones<\/strong><\/a><\/span><\/p>\n<blockquote class=\"instagram-media\" style=\"background: #FFF; border: 0; border-radius: 3px; box-shadow: 0 0 1px 0 rgba(0,0,0,0.5),0 1px 10px 0 rgba(0,0,0,0.15); margin: 1px; max-width: 658px; padding: 0; width: calc(100% - 2px);\" data-instgrm-captioned=\"\" data-instgrm-version=\"7\">\n<div style=\"padding: 8px;\">\n<div style=\"background: #F8F8F8; line-height: 0; margin-top: 40px; padding: 59.95098039215686% 0; text-align: center; width: 100%;\"><\/div>\n<p style=\"margin: 8px 0 0 0; padding: 0 4px;\"><a style=\"color: #000; font-family: Arial,sans-serif; font-size: 14px; font-style: normal; font-weight: normal; line-height: 17px; text-decoration: none; word-wrap: break-word;\" href=\"https:\/\/www.instagram.com\/p\/BVb0mMHhngU\/\" target=\"_blank\" rel=\"noopener noreferrer\">Today is the day! The official opening ceremony of the #ConfedCup2017 \u26bd\ufe0f gonna start at 16.00 (Moscow time\u23f1) Welcome to Russia! &#x1f1f7;&#x1f1fa; #FIFA #ambassador #worldcup #football #ConfedCup #russia \/ \u0412\u043e\u0442 \u0438 \u043d\u0430\u0441\u0442\u0443\u043f\u0438\u043b \u0434\u0435\u043d\u044c, \u043a\u043e\u0442\u043e\u0440\u043e\u0433\u043e \u043c\u044b \u0432\u0441\u0435 \u0442\u0430\u043a \u0434\u043e\u043b\u0433\u043e \u0436\u0434\u0430\u043b\u0438! \u0421\u0435\u0433\u043e\u0434\u043d\u044f \u0441\u043e\u0441\u0442\u043e\u0438\u0442\u0441\u044f \u0446\u0435\u0440\u0435\u043c\u043e\u043d\u0438\u044f \u043e\u0442\u043a\u0440\u044b\u0442\u0438\u044f \u041a\u0443\u0431\u043a\u0430 \u041a\u043e\u043d\u0444\u0435\u0434\u0435\u0440\u0430\u0446\u0438\u0439 \u0432 16.05 \u043f\u043e \u043c\u043e\u0441\u043a\u043e\u0432\u0441\u043a\u043e\u043c\u0443 \u0432\u0440\u0435\u043c\u0435\u043d\u0438 \u0438 \u0432 17.30 \u043f\u043e 1 \u043a\u0430\u043d\u0430\u043b\u0443 &#x1f4fa; \u0421\u043c\u043e\u0442\u0440\u0438\u0442\u0435 \u0438\u0433\u0440\u0443 \u0438 \u0431\u043e\u043b\u0435\u0439\u0442\u0435 \u0437\u0430 \u043d\u0430\u0448\u0438\u0445! \u26bd\ufe0f\u270c&#x1f3fe;V @fifaworldcup<\/a><\/p>\n<p style=\"color: #c9c8cd; font-family: Arial,sans-serif; font-size: 14px; line-height: 17px; margin-bottom: 0; margin-top: 8px; overflow: hidden; padding: 8px 0 7px; text-align: center; text-overflow: ellipsis; white-space: nowrap;\">Una publicaci\u00f3n compartida de Ambassador Of FIFA WC 2018&#x1f1f7;&#x1f1fa;\u26bd\ufe0f (@lopyrevavika) el <time style=\"font-family: Arial,sans-serif; font-size: 14px; line-height: 17px;\" datetime=\"2017-06-17T08:54:37+00:00\">17 de Jun de 2017 a la(s) 1:54 PDT<\/time><\/p>\n<\/div>\n<\/blockquote>\n<p><script async defer src=\"\/\/platform.instagram.com\/en_US\/embeds.js\"><\/script><\/p>\n<blockquote class=\"instagram-media\" style=\"background: #FFF; border: 0; border-radius: 3px; box-shadow: 0 0 1px 0 rgba(0,0,0,0.5),0 1px 10px 0 rgba(0,0,0,0.15); margin: 1px; max-width: 658px; padding: 0; width: calc(100% - 2px);\" data-instgrm-captioned=\"\" data-instgrm-version=\"7\">\n<div style=\"padding: 8px;\">\n<div style=\"background: #F8F8F8; line-height: 0; margin-top: 40px; padding: 50.0% 0; text-align: center; width: 100%;\"><\/div>\n<p style=\"margin: 8px 0 0 0; padding: 0 4px;\"><a style=\"color: #000; font-family: Arial,sans-serif; font-size: 14px; font-style: normal; font-weight: normal; line-height: 17px; text-decoration: none; word-wrap: break-word;\" href=\"https:\/\/www.instagram.com\/p\/BVT_vWbhmB0\/\" target=\"_blank\" rel=\"noopener noreferrer\">Good morning world \u2764\ufe0fV<\/a><\/p>\n<p style=\"color: #c9c8cd; font-family: Arial,sans-serif; font-size: 14px; line-height: 17px; margin-bottom: 0; margin-top: 8px; overflow: hidden; padding: 8px 0 7px; text-align: center; text-overflow: ellipsis; white-space: nowrap;\">Una publicaci\u00f3n compartida de Ambassador Of FIFA WC 2018&#x1f1f7;&#x1f1fa;\u26bd\ufe0f (@lopyrevavika) el <time style=\"font-family: Arial,sans-serif; font-size: 14px; line-height: 17px;\" datetime=\"2017-06-14T07:58:04+00:00\">14 de Jun de 2017 a la(s) 12:58 PDT<\/time><\/p>\n<\/div>\n<\/blockquote>\n<p><script async defer src=\"\/\/platform.instagram.com\/en_US\/embeds.js\"><\/script><\/p>\n<blockquote class=\"instagram-media\" style=\"background: #FFF; border: 0; border-radius: 3px; box-shadow: 0 0 1px 0 rgba(0,0,0,0.5),0 1px 10px 0 rgba(0,0,0,0.15); margin: 1px; max-width: 658px; padding: 0; width: calc(100% - 2px);\" data-instgrm-captioned=\"\" data-instgrm-version=\"7\">\n<div style=\"padding: 8px;\">\n<div style=\"background: #F8F8F8; line-height: 0; margin-top: 40px; padding: 62.48826291079812% 0; text-align: center; width: 100%;\"><\/div>\n<p style=\"margin: 8px 0 0 0; padding: 0 4px;\"><a style=\"color: #000; font-family: Arial,sans-serif; font-size: 14px; font-style: normal; font-weight: normal; line-height: 17px; text-decoration: none; word-wrap: break-word;\" href=\"https:\/\/www.instagram.com\/p\/BVEnpHiBW1z\/\" target=\"_blank\" rel=\"noopener noreferrer\">Merhaba &#x1f1f9;&#x1f1f7; Turkey &#x1f44b;&#x1f3fe;Will be happy to see you all at Dosso Dossi Fashion Show and land of Legends wonderful event at 9th of June! Lots of love \u2764\ufe0f #ddfs #dossodossifashionshow #thelandoflegends \/ \u0412\u0441\u0435\u043c \u043f\u0440\u0438\u0432\u0435\u0442! \u0414\u043e \u0432\u0441\u0442\u0440\u0435\u0447\u0438 \u043d\u0430 \u0433\u0440\u0430\u043d\u0434\u0438\u043e\u0437\u043d\u043e\u043c \u043f\u0440\u0430\u0437\u0434\u043d\u0438\u043a\u0435 @dossodossifashionshow \u0437\u0430\u0432\u0442\u0440\u0430 \u0432 \u0422\u0443\u0440\u0446\u0438\u0438&#x1f48b;V pic by @mareta94 \u2708\ufe0f<\/a><\/p>\n<p style=\"color: #c9c8cd; font-family: Arial,sans-serif; font-size: 14px; line-height: 17px; margin-bottom: 0; margin-top: 8px; overflow: hidden; padding: 8px 0 7px; text-align: center; text-overflow: ellipsis; white-space: nowrap;\">Una publicaci\u00f3n compartida de Ambassador Of FIFA WC 2018&#x1f1f7;&#x1f1fa;\u26bd\ufe0f (@lopyrevavika) el <time style=\"font-family: Arial,sans-serif; font-size: 14px; line-height: 17px;\" datetime=\"2017-06-08T08:38:53+00:00\">8 de Jun de 2017 a la(s) 1:38 PDT<\/time><\/p>\n<\/div>\n<\/blockquote>\n<p><script async defer src=\"\/\/platform.instagram.com\/en_US\/embeds.js\"><\/script><\/p>\n<blockquote class=\"instagram-media\" style=\"background: #FFF; border: 0; border-radius: 3px; box-shadow: 0 0 1px 0 rgba(0,0,0,0.5),0 1px 10px 0 rgba(0,0,0,0.15); margin: 1px; max-width: 658px; padding: 0; width: calc(100% - 2px);\" data-instgrm-captioned=\"\" data-instgrm-version=\"7\">\n<div style=\"padding: 8px;\">\n<div style=\"background: #F8F8F8; line-height: 0; margin-top: 40px; padding: 55.98111227701994% 0; text-align: center; width: 100%;\"><\/div>\n<p style=\"margin: 8px 0 0 0; padding: 0 4px;\"><a style=\"color: #000; font-family: Arial,sans-serif; font-size: 14px; font-style: normal; font-weight: normal; line-height: 17px; text-decoration: none; word-wrap: break-word;\" href=\"https:\/\/www.instagram.com\/p\/BU-is1aBiVK\/\" target=\"_blank\" rel=\"noopener noreferrer\">I&#8217;m into you&#8230;\u26a1\ufe0fV<\/a><\/p>\n<p style=\"color: #c9c8cd; font-family: Arial,sans-serif; font-size: 14px; line-height: 17px; margin-bottom: 0; margin-top: 8px; overflow: hidden; padding: 8px 0 7px; text-align: center; text-overflow: ellipsis; white-space: nowrap;\">Una publicaci\u00f3n compartida de Ambassador Of FIFA WC 2018&#x1f1f7;&#x1f1fa;\u26bd\ufe0f (@lopyrevavika) el <time style=\"font-family: Arial,sans-serif; font-size: 14px; line-height: 17px;\" datetime=\"2017-06-06T00:00:16+00:00\">5 de Jun de 2017 a la(s) 5:00 PDT<\/time><\/p>\n<\/div>\n<\/blockquote>\n<p><script async defer src=\"\/\/platform.instagram.com\/en_US\/embeds.js\"><\/script><\/p>\n<p style=\"text-align: center;\"><span style=\"color: #3366ff;\"><a style=\"color: #3366ff;\" href=\"https:\/\/www.futboltotal.com.mx\/2017\/06\/osorio-oculta-la-verdad-desercion-tecatito\/\" target=\"_blank\" rel=\"noopener noreferrer\"><strong>VER M\u00c1S: Osorio oculta la verdad sobre deserci\u00f3n del Tecatito<\/strong><\/a><\/span><\/p>\n<p style=\"text-align: center;\"><a href=\"https:\/\/www.futboltotal.com.mx\/wp-content\/uploads\/2017\/06\/victoria-lopyreva-confederaciones.jpg\"><img decoding=\"async\" loading=\"lazy\" class=\"alignnone size-full wp-image-483989\" src=\"https:\/\/www.futboltotal.com.mx\/wp-content\/uploads\/2017\/06\/victoria-lopyreva-confederaciones.jpg\" alt=\"Victoria Lopyreva, lo mejor de la inauguraci\u00f3n de Confederaciones 0\" srcset=\"http:\/\/desarrollo.grupomedios.com\/futbol\/wp-content\/uploads\/2017\/06\/victoria-lopyreva-confederaciones.jpg 1136w, http:\/\/desarrollo.grupomedios.com\/futbol\/wp-content\/uploads\/2017\/06\/victoria-lopyreva-confederaciones-300x169.jpg 300w, http:\/\/desarrollo.grupomedios.com\/futbol\/wp-content\/uploads\/2017\/06\/victoria-lopyreva-confederaciones-768x432.jpg 768w, http:\/\/desarrollo.grupomedios.com\/futbol\/wp-content\/uploads\/2017\/06\/victoria-lopyreva-confederaciones-1024x576.jpg 1024w, http:\/\/desarrollo.grupomedios.com\/futbol\/wp-content\/uploads\/2017\/06\/victoria-lopyreva-confederaciones-317x178.jpg 317w, http:\/\/desarrollo.grupomedios.com\/futbol\/wp-content\/uploads\/2017\/06\/victoria-lopyreva-confederaciones-535x301.jpg 535w, http:\/\/desarrollo.grupomedios.com\/futbol\/wp-content\/uploads\/2017\/06\/victoria-lopyreva-confederaciones-374x210.jpg 374w\" sizes=\"(max-width: 1136px) 100vw, 1136px\" \/><\/a><\/p>\n","protected":false},"excerpt":{"rendered":"<p>La embajadora del torneo, acapar\u00f3 las miradas durante el inicio del certamen.<\/p>\n","protected":false},"author":20,"featured_media":483986,"comment_status":"closed","ping_status":"closed","sticky":false,"template":"","format":"standard","meta":[],"categories":[5419,6408,3868,3839,3],"tags":[2033,1580],"_links":{"self":[{"href":"http:\/\/desarrollo.grupomedios.com\/futbol\/wp-json\/wp\/v2\/posts\/483985"}],"collection":[{"href":"http:\/\/desarrollo.grupomedios.com\/futbol\/wp-json\/wp\/v2\/posts"}],"about":[{"href":"http:\/\/desarrollo.grupomedios.com\/futbol\/wp-json\/wp\/v2\/types\/post"}],"author":[{"embeddable":true,"href":"http:\/\/desarrollo.grupomedios.com\/futbol\/wp-json\/wp\/v2\/users\/20"}],"replies":[{"embeddable":true,"href":"http:\/\/desarrollo.grupomedios.com\/futbol\/wp-json\/wp\/v2\/comments?post=483985"}],"version-history":[{"count":1,"href":"http:\/\/desarrollo.grupomedios.com\/futbol\/wp-json\/wp\/v2\/posts\/483985\/revisions"}],"predecessor-version":[{"id":483990,"href":"http:\/\/desarrollo.grupomedios.com\/futbol\/wp-json\/wp\/v2\/posts\/483985\/revisions\/483990"}],"wp:featuredmedia":[{"embeddable":true,"href":"http:\/\/desarrollo.grupomedios.com\/futbol\/wp-json\/wp\/v2\/media\/483986"}],"wp:attachment":[{"href":"http:\/\/desarrollo.grupomedios.com\/futbol\/wp-json\/wp\/v2\/media?parent=483985"}],"wp:term":[{"taxonomy":"category","embeddable":true,"href":"http:\/\/desarrollo.grupomedios.com\/futbol\/wp-json\/wp\/v2\/categories?post=483985"},{"taxonomy":"post_tag","embeddable":true,"href":"http:\/\/desarrollo.grupomedios.com\/futbol\/wp-json\/wp\/v2\/tags?post=483985"}],"curies":[{"name":"wp","href":"https:\/\/api.w.org\/{rel}","templated":true}]}}